{"id":1072,"date":"2025-07-18T09:14:38","date_gmt":"2025-07-18T09:14:38","guid":{"rendered":"https:\/\/bumzi.ro\/?p=1072"},"modified":"2025-07-18T09:14:38","modified_gmt":"2025-07-18T09:14:38","slug":"a-cumparat-un-sac-de-cartofi-de-la-piata","status":"publish","type":"post","link":"https:\/\/bumzi.ro\/?p=1072","title":{"rendered":"A cump\u0103rat un sac de cartofi de la piata"},"content":{"rendered":"<p>Un b\u0103rbat din Fran\u021ba a avut parte de o experien\u021b\u0103 \u0219ocant\u0103 dup\u0103 ce a cump\u0103rat un sac de 25 de kilograme de cartofi, descoperind \u00een interior o grenad\u0103 neexplodat\u0103 din timpul celui de-al Doilea R\u0103zboi Mondial.<\/p>\n<p>Incidentul a avut loc recent, iar autorit\u0103\u021bile au intervenit prompt pentru a ridica \u00een siguran\u021b\u0103 explozibilul.<\/p>\n<p>Descoperirea nea\u0219teptat\u0103<\/p>\n<p>&lt;pB\u0103rbatul a observat ini\u021bial un cartof mai mare \u00een sacul cump\u0103rat de la pia\u021b\u0103 \u0219i l-a pus deoparte. La o examinare mai atent\u0103, \u0219i-a dat seama c\u0103 obiectul nu era un cartof, ci o grenad\u0103 neexplodat\u0103. Imediat, el a cerut so\u021biei \u0219i copiilor s\u0103 p\u0103r\u0103seasc\u0103 locuin\u021ba pentru a evita un eventual pericol.<\/p>\n<p>Interven\u021bia autorit\u0103\u021bilor<\/p>\n<p>Cu mare precau\u021bie, b\u0103rbatul a mutat grenada \u00een spatele casei \u0219i a alertat autorit\u0103\u021bile. For\u021bele de ordine au intervenit \u0219i au ridicat dispozitivul exploziv \u00een condi\u021bii de siguran\u021b\u0103, evit\u00e2nd un posibil accident.<\/p>\n<p>Reac\u021bii \u0219i ecouri pe re\u021belele sociale<\/p>\n<p>Evenimentul a devenit viral \u00een mediul online, iar familia francez\u0103 a atras aten\u021bia utilizatorilor re\u021belelor sociale. Mul\u021bi internau\u021bi s-au \u00eentrebat dac\u0103 v\u00e2nz\u0103torul sacului de cartofi era con\u0219tient de prezen\u021ba grenzii \u00een colet.<\/p>\n<p>Din fericire, incidentul s-a \u00eencheiat f\u0103r\u0103 consecin\u021be grave, \u00eens\u0103 experien\u021ba a r\u0103mas o amintire de neuitat pentru b\u0103rbat \u0219i familia sa.<\/p>\n","protected":false},"excerpt":{"rendered":"<p>Un b\u0103rbat din Fran\u021ba a avut parte de o experien\u021b\u0103 \u0219ocant\u0103 dup\u0103 ce a cump\u0103rat un sac de 25 de kilograme de cartofi, descoperind \u00een interior o grenad\u0103 neexplodat\u0103 din timpul celui de-al Doilea R\u0103zboi Mondial. Incidentul a avut loc recent, iar autorit\u0103\u021bile au intervenit prompt pentru a ridica \u00een siguran\u021b\u0103 explozibilul. Descoperirea nea\u0219teptat\u0103 &lt;pB\u0103rbatul [&hellip;]<\/p>\n","protected":false},"author":1,"featured_media":1073,"comment_status":"closed","ping_status":"closed","sticky":false,"template":"","format":"standard","meta":{"footnotes":""},"categories":[7],"tags":[],"class_list":["post-1072","post","type-post","status-publish","format-standard","has-post-thumbnail","hentry","category-stiri"],"_links":{"self":[{"href":"https:\/\/bumzi.ro\/index.php?rest_route=\/wp\/v2\/posts\/1072","targetHints":{"allow":["GET"]}}],"collection":[{"href":"https:\/\/bumzi.ro\/index.php?rest_route=\/wp\/v2\/posts"}],"about":[{"href":"https:\/\/bumzi.ro\/index.php?rest_route=\/wp\/v2\/types\/post"}],"author":[{"embeddable":true,"href":"https:\/\/bumzi.ro\/index.php?rest_route=\/wp\/v2\/users\/1"}],"replies":[{"embeddable":true,"href":"https:\/\/bumzi.ro\/index.php?rest_route=%2Fwp%2Fv2%2Fcomments&post=1072"}],"version-history":[{"count":1,"href":"https:\/\/bumzi.ro\/index.php?rest_route=\/wp\/v2\/posts\/1072\/revisions"}],"predecessor-version":[{"id":1074,"href":"https:\/\/bumzi.ro\/index.php?rest_route=\/wp\/v2\/posts\/1072\/revisions\/1074"}],"wp:featuredmedia":[{"embeddable":true,"href":"https:\/\/bumzi.ro\/index.php?rest_route=\/wp\/v2\/media\/1073"}],"wp:attachment":[{"href":"https:\/\/bumzi.ro\/index.php?rest_route=%2Fwp%2Fv2%2Fmedia&parent=1072"}],"wp:term":[{"taxonomy":"category","embeddable":true,"href":"https:\/\/bumzi.ro\/index.php?rest_route=%2Fwp%2Fv2%2Fcategories&post=1072"},{"taxonomy":"post_tag","embeddable":true,"href":"https:\/\/bumzi.ro\/index.php?rest_route=%2Fwp%2Fv2%2Ftags&post=1072"}],"curies":[{"name":"wp","href":"https:\/\/api.w.org\/{rel}","templated":true}]}}