{"id":14483,"date":"2025-12-15T06:08:09","date_gmt":"2025-12-15T06:08:09","guid":{"rendered":"https:\/\/bumzi.ro\/?p=14483"},"modified":"2025-12-15T06:08:09","modified_gmt":"2025-12-15T06:08:09","slug":"mihai-gadea-este-in-doliu","status":"publish","type":"post","link":"https:\/\/bumzi.ro\/?p=14483","title":{"rendered":"Mihai G\u00e2dea este \u00een doliu"},"content":{"rendered":"<p>Mihai G\u00e2dea este \u00een doliu. Un prieten extrem de apropiat al tat\u0103lui s\u0103u s-a stins din via\u021b\u0103 din cauza SARS-CoV-2. Prezentatorul de la Antena 3 a spus c\u00e2teva detalii emo\u021bionante despre pierderea suferit\u0103 \u0219i, ulterior, a f\u0103cut declara\u021bii fulminante la adresa Raluc\u0103i Turcan.<\/p>\n<p>Este doliu \u00een familia lui Mihai G\u00e2dea dup\u0103 ce un apropiat, stabilit \u00een SUA, a fost r\u0103pus de noul coronavirus.<\/p>\n<h2 id=\"chapter-0\" class=\"wp-block-heading\">Mihai G\u00e2dea este \u00een doliu.\u201cEra una dintre cele mai mari bucurii \u00een copil\u0103rie\u201d<\/h2>\n<p>\u00cen cadrul emisiunii \u201cSinteza Zilei\u201d, pe care o prezinta la Antena3, i-a adus un ultim omagiu.<\/p>\n<p>\u201c\u00centr-o zi, sora mea cea mai mare \u00eemi trimite o informa\u021bie despre unul dintre cei mai buni prieteni ai tat\u0103lui meu care a murit infectat cu COVID. Eu nu-l mai v\u0103zusem de ni\u0219te ani de zile \u2013 era una dintre cele mai mari bucurii \u00een copil\u0103rie. Plecase \u00een America \u0219i c\u00e2nd venea dup\u0103 Revolu\u021bie\u2026 \u00abWow, venea Mircea\u00bb . Pentru noi, un om de care suntem extrem de lega\u021bi. \u0218i am \u00eentrebat ce s-a \u00eent\u00e2mplat cu el, dac\u0103 era cumva bolnav. \u0218i sora mea \u00eemi trimite o fotografie recent\u0103 cu el, ar\u0103ta impecabil, ar\u0103ta c\u0103 un actor. Deci, eu \u0219tiu oameni care au murit, dar vede\u021bi dvs. una e una, alta e alta\u201d, a m\u0103rturisit prezentatorul azi-noapte la \u201cSinteza Zilei\u201d.<\/p>\n<h2 id=\"chapter-1\" class=\"wp-block-heading\">Mihai G\u00e2dea, revoltat la adresa vicepremierului Raluca Turcan<\/h2>\n<p>Mihai G\u00e2dea a dezv\u0103luit c\u0103 el nu \u00ee\u0219i \u00eembr\u0103\u021bi\u0219eaz\u0103 p\u0103rin\u021bii atunci c\u00e2nd se vede cu ei \u0219i poart\u0103 pe tot parcursul \u00eent\u00e2lnirii masca de protec\u021bie, pentru c\u0103 nu \u00ee\u0219i dore\u0219te s\u0103 ri\u0219te nicio secund\u0103 via\u021ba lor. Moderatorul a fost extrem de acid la\u00a0adresa Raluc\u0103i Turcan\u00a0care a \u00eendemnat oamenii s\u0103 sesizeze Poli\u0163ia \u00een cazul \u00een care vecinii\u00a0organizeaz\u0103 evenimente private\u00a0cu participarea mai multor persoane dec\u00e2t prev\u0103d reglement\u0103rile guvernului pentru situa\u021bia actual\u0103 de pandemie.<\/p>\n<p>\u201cEu port masc\u0103 oriunde m\u0103 duc, am grij\u0103 de mine, de cei dragi.\u00a0Eu, c\u00e2nd m\u0103 \u00eent\u00e2lnesc cu p\u0103rin\u021bii mei, pe care a\u0219 vrea s\u0103-i iau \u00een bra\u021be, stau cu masc\u0103 pe gur\u0103 \u0219i stau la un pic de distan\u021b\u0103, pentru c\u0103 eu am o expunere mai mare, pot s\u0103 m\u0103 infectez \u0219i nu vreau s\u0103 infectez pe nimeni. Eu respect toate lucrurile acestea \u0219i to\u021bi oamenii respect\u0103 lucrurile acestea, dar ajunge cu b\u0103taia de joc! Ajunge cu gradul de conformare! Ajunge cu Raluca Turcan care d\u0103 ordine s\u0103 se toarne oamenii \u00eentre ei!<\/p>\n<p>Ajunge cu batjocorirea lui Dan Bittman \u0219i a tuturor acelora care au o alt\u0103 pozi\u021bie. Eu nu sunt de acord cu tot ce spune Dan Bittman, dar el are dreptul s\u0103 vorbeasc\u0103 \u00eentr-o \u021bar\u0103 liber\u0103. Ajunge cu aceast\u0103 b\u0103taie de joc: \u00abNu v\u0103 l\u0103s\u0103m s\u0103 v\u0103 \u00eent\u00e2lni\u021bi la o ceremonie religioas\u0103\u00bb. Cum s\u0103 fii tu \u00een situa\u021bia s\u0103 dictezi cuiva \u00een cine s\u0103 cread\u0103, \u00een ce s\u0103 cread\u0103?\u201d, a mai declarat directorul Antena 1 \u00een cadrul propriei emisiuni.<\/p>\n","protected":false},"excerpt":{"rendered":"<p>Mihai G\u00e2dea este \u00een doliu. Un prieten extrem de apropiat al tat\u0103lui s\u0103u s-a stins din via\u021b\u0103 din cauza SARS-CoV-2. Prezentatorul de la Antena 3 a spus c\u00e2teva detalii emo\u021bionante despre pierderea suferit\u0103 \u0219i, ulterior, a f\u0103cut declara\u021bii fulminante la adresa Raluc\u0103i Turcan. Este doliu \u00een familia lui Mihai G\u00e2dea dup\u0103 ce un apropiat, stabilit [&hellip;]<\/p>\n","protected":false},"author":1,"featured_media":13615,"comment_status":"closed","ping_status":"closed","sticky":false,"template":"","format":"standard","meta":{"footnotes":""},"categories":[7],"tags":[],"class_list":["post-14483","post","type-post","status-publish","format-standard","has-post-thumbnail","hentry","category-stiri"],"_links":{"self":[{"href":"https:\/\/bumzi.ro\/index.php?rest_route=\/wp\/v2\/posts\/14483","targetHints":{"allow":["GET"]}}],"collection":[{"href":"https:\/\/bumzi.ro\/index.php?rest_route=\/wp\/v2\/posts"}],"about":[{"href":"https:\/\/bumzi.ro\/index.php?rest_route=\/wp\/v2\/types\/post"}],"author":[{"embeddable":true,"href":"https:\/\/bumzi.ro\/index.php?rest_route=\/wp\/v2\/users\/1"}],"replies":[{"embeddable":true,"href":"https:\/\/bumzi.ro\/index.php?rest_route=%2Fwp%2Fv2%2Fcomments&post=14483"}],"version-history":[{"count":1,"href":"https:\/\/bumzi.ro\/index.php?rest_route=\/wp\/v2\/posts\/14483\/revisions"}],"predecessor-version":[{"id":14484,"href":"https:\/\/bumzi.ro\/index.php?rest_route=\/wp\/v2\/posts\/14483\/revisions\/14484"}],"wp:featuredmedia":[{"embeddable":true,"href":"https:\/\/bumzi.ro\/index.php?rest_route=\/wp\/v2\/media\/13615"}],"wp:attachment":[{"href":"https:\/\/bumzi.ro\/index.php?rest_route=%2Fwp%2Fv2%2Fmedia&parent=14483"}],"wp:term":[{"taxonomy":"category","embeddable":true,"href":"https:\/\/bumzi.ro\/index.php?rest_route=%2Fwp%2Fv2%2Fcategories&post=14483"},{"taxonomy":"post_tag","embeddable":true,"href":"https:\/\/bumzi.ro\/index.php?rest_route=%2Fwp%2Fv2%2Ftags&post=14483"}],"curies":[{"name":"wp","href":"https:\/\/api.w.org\/{rel}","templated":true}]}}