{"id":1558,"date":"2025-07-23T05:09:58","date_gmt":"2025-07-23T05:09:58","guid":{"rendered":"https:\/\/bumzi.ro\/?p=1558"},"modified":"2025-07-23T05:09:58","modified_gmt":"2025-07-23T05:09:58","slug":"ilie-bolojan-prezinta-un-nou-pachet-de-masuri-romanii-nu-se-asteptau-la-asta","status":"publish","type":"post","link":"https:\/\/bumzi.ro\/?p=1558","title":{"rendered":"Ilie Bolojan prezint\u0103 un nou pachet de m\u0103suri. Rom\u00e2nii nu se a\u0219teptau la asta"},"content":{"rendered":"<p>Premierul Ilie Bolojan prezint\u0103 mar\u0163i, de la ora 18:00, m\u0103surile privind reforma companiilor de stat. Vicepremierul Drago\u015f Anastasiu va participa, al\u0103turi de premier, la conferin\u0163a de pres\u0103 care are loc la Palatul Victoria.<br \/>\n\u201eAceste m\u0103suri vizeaz\u0103 c\u00e2teva aspecte care \u021bin de buna administrare a companiilor de stat.<\/p>\n<p>Asigurarea transparen\u021bei gestion\u0103rii. Am convenit ca \u00een perioada urm\u0103toare, toate ministerele tutelare s\u0103 asigure publicarea tuturor datelor care sunt necesare pentru a \u0219ti cine administreaz\u0103 aceste companii, ce c\u00e2\u0219tiguri au, toate datele economice care dau o oglind\u0103 c\u00e2t mai fidel\u0103 cu privire la cei care conduc \u0219i \u00een ce condi\u021bii conduc. Acest lucru nu este o ru\u0219ine pentru cei care le conduc, ca datele s\u0103 fie publice, nici \u00een ceea ce prive\u0219te c\u00e2\u0219tigurile, nici \u00een ceea ce prive\u0219te performan\u021ba, e un lucru de normalitate.<\/p>\n<p>Un al doilea element de baz\u0103 \u021bine de partea de management al companiilor, care va fi rezolvat prin modific\u0103ri de legisla\u021bie. Reducerea num\u0103rului de membri \u0219i plafonarea unor c\u00e2\u0219tiguri. Avem o situa\u021bie \u00een care, abuz\u00e2nd de prevederi legale, \u0219i f\u0103r\u0103 un control cu privire la modul \u00een care aplic\u0103 legisla\u021bia, de la valori rezonabile de c\u00e2\u0219tiguri cu care au intrat c\u00e2nd au c\u00e2\u0219tigat nominaliz\u0103rile, s-a ajuns \u00eentr-o perioad\u0103 relativ scurt\u0103 la limitele maxime, ceea ce a creat o nemul\u021bumire \u00een opinia public\u0103 \u0219i \u00een ceea ce prive\u0219te administrarea lor propriu-zis\u0103.<\/p>\n<p>Un element foarte important sunt indicatorii de performan\u021b\u0103. Ace\u0219tia vor fi revizui\u021bi de c\u0103tre fiecare minister, astfel \u00eenc\u00e2t s\u0103 se verifice dac\u0103 sunt relevan\u021bi sau sunt superficiali. \u00cen multe locuri, ace\u0219tia nu sunt relevan\u021bi. \u0218i atunci vom fi \u00een dou\u0103 situa\u021bie: sau noii indicatori vor fi accepta\u021bi, ceea ce \u00eenseamn\u0103 c\u0103 sunt oameni de bun\u0103 credin\u021b\u0103, care \u00een\u021beleg c\u0103 ceea ce a fost nu va mai fi, sau \u00een condi\u021biile \u00een care nu vor accepta ace\u0219ti indicatori sunt probleme legate de profesionalismul lor \u0219i vom uza de prevederile legale s\u0103 impunem ace\u0219ti indicatori de performan\u021b\u0103, iar cei ce nu-i accept\u0103 s\u0103 plece.<\/p>\n<p>Tot ce \u00eenseamn\u0103 modific\u0103ri de legisla\u021bie care s\u0103 \u00eent\u0103reasc\u0103 capacitatea companiilor care verific\u0103, precum AMEPIP, trebuie \u00eent\u0103rit, ca la finalul verii s\u0103 avem o agen\u021bie func\u021bional\u0103, nu doar pentru c\u0103 avem un angajament prin PNRR, ci mai ales pentru c\u0103 buna administrare a companiilor din Rom\u00e2nia este o necesitate, pentru c\u0103 fiecare leu c\u00e2\u0219tigat este un plus pentru bugetul na\u021bional, investi\u021bii, proiecte de dezvoltare\u201d, a transmis Ilie Bolojan.<\/p>\n<p>\u0218tire ini\u021bial\u0103<\/p>\n<p>Ilie Bolojan \u015fi vicepremierul Drago\u015f Anastasiu anun\u0163\u0103 prezint\u0103 pachetul de m\u0103suri pentru companiile de stat \u0219i administra\u021bia public\u0103.<\/p>\n<p>Conferin\u0163a de pres\u0103 pe tema reformei companiilor de stat are loc la Palatul Victoria, de la ora 18.<\/p>\n<p>Recent, premierul Ilie Bolojan a precizat c\u0103 al doilea pachet de m\u0103suri fiscale urm\u0103re\u015fte reforma societ\u0103\u0163ilor la care ac\u0163ionar este statul rom\u00e2n. Acestea trebuie s\u0103-\u015fi reduc\u0103 pierderile, s\u0103-\u015fi modifice indicatorii de performan\u0163\u0103 \u015fi s\u0103 ob\u0163in\u0103 profituri. Potrivit prim-ministrului, \u201ese va modifica legisla\u0163ia, astfel \u00eenc\u00eet consiliile de administra\u021bie s\u0103 aib\u0103 mai pu\u0163ini membri, iar indemniza\u0163iile acestora s\u0103 fie plafonate\u201d.<\/p>\n<p>Ce con\u021bine pachetul de m\u0103suri pentru companiile de stat \u0219i administra\u021bia public\u0103<\/p>\n<p>\u201d\u00cen primul r\u00e2nd, se lucreaz\u0103 \u00een zilele acestea la definirea unui set de indicatori de performan\u021b\u0103 pentru companiile de stat, care s\u0103 fie ata\u0219a\u021bi acestor m\u0103suri legate de limitarea indemniza\u021biilor, a num\u0103rului de membri \u00een diverse structuri de conducere\u201d, a declarat consilierul premierului Ilie Bolojan, economistul Ionu\u021b Dumitru, la Digi24.<\/p>\n<p>Potrivit acestuia, problema companiilor de stat este una structural\u0103: multe dintre ele sunt ineficiente financiar \u0219i livreaz\u0103 servicii de slab\u0103 calitate. \u201eDe\u0219i sectorul companiilor de stat e relativ mare, el nu aduce aportul a\u0219teptat \u00een termeni de servicii publice. Avem foarte multe companii de stat cu rezultate slabe \u00een profitabilitate \u0219i calitatea serviciilor. Aici trebuie s\u0103 lucr\u0103m serios\u201d, a subliniat consilierul premierului. \u00cen ceea ce prive\u0219te reducerea num\u0103rului de membri \u00een consiliile de administra\u021bie, Dumitru a explicat c\u0103 nu poate exista o regul\u0103 unitar\u0103 pentru toate companiile: \u201eProbabil trebuie o discu\u021bie pe domenii de activitate, de la caz la caz. Nu po\u021bi s\u0103 iei o decizie uniform\u0103 pentru toate companiile.\u201d<\/p>\n<p>Un alt obiectiv major al pachetului este eficientizarea administra\u021biei locale, unde Guvernul analizeaz\u0103 posibilitatea standardiz\u0103rii schemelor de personal. \u201eAvem o problem\u0103 cu num\u0103rul de angaja\u021bi din administra\u021bia public\u0103, raportat la num\u0103rul de contribuabili. De\u0219i raportat la popula\u021bie nu pare mare, dac\u0103 ne uit\u0103m la cei care pl\u0103tesc efectiv taxe, suntem peste media european\u0103\u201d, a explicat Dumitru.<\/p>\n<p><a href=\"https:\/\/faxnews.ro\/2025\/07\/22\/ilie-bolojan-prezinta-pachetul-de-masuri-pentru-companiile-de-stat-si-administratia-publica-toate-ministerele-vor-publica-toate-datele-economice-care-sunt-necesare-pentru-a-stii-cine-administ\/?fbclid=IwY2xjawLtTaRleHRuA2FlbQIxMABicmlkETBVUFp1T3FDTXRFanpWWEV4AR7_fluytDEAk8XMXlkGqUnUfeeX_ueC8Z3AkZH1cf65AJ8cJe_7TkJmpQyO3w_aem_bTsjxF8ol94SpVmnXOJRPw\" target=\"_blank\" rel=\"noopener\">Surs\u0103: faxnews.ro<\/a><\/p>\n","protected":false},"excerpt":{"rendered":"<p>Premierul Ilie Bolojan prezint\u0103 mar\u0163i, de la ora 18:00, m\u0103surile privind reforma companiilor de stat. Vicepremierul Drago\u015f Anastasiu va participa, al\u0103turi de premier, la conferin\u0163a de pres\u0103 care are loc la Palatul Victoria. \u201eAceste m\u0103suri vizeaz\u0103 c\u00e2teva aspecte care \u021bin de buna administrare a companiilor de stat. Asigurarea transparen\u021bei gestion\u0103rii. Am convenit ca \u00een perioada [&hellip;]<\/p>\n","protected":false},"author":1,"featured_media":1559,"comment_status":"closed","ping_status":"closed","sticky":false,"template":"","format":"standard","meta":{"footnotes":""},"categories":[7],"tags":[],"class_list":["post-1558","post","type-post","status-publish","format-standard","has-post-thumbnail","hentry","category-stiri"],"_links":{"self":[{"href":"https:\/\/bumzi.ro\/index.php?rest_route=\/wp\/v2\/posts\/1558","targetHints":{"allow":["GET"]}}],"collection":[{"href":"https:\/\/bumzi.ro\/index.php?rest_route=\/wp\/v2\/posts"}],"about":[{"href":"https:\/\/bumzi.ro\/index.php?rest_route=\/wp\/v2\/types\/post"}],"author":[{"embeddable":true,"href":"https:\/\/bumzi.ro\/index.php?rest_route=\/wp\/v2\/users\/1"}],"replies":[{"embeddable":true,"href":"https:\/\/bumzi.ro\/index.php?rest_route=%2Fwp%2Fv2%2Fcomments&post=1558"}],"version-history":[{"count":1,"href":"https:\/\/bumzi.ro\/index.php?rest_route=\/wp\/v2\/posts\/1558\/revisions"}],"predecessor-version":[{"id":1560,"href":"https:\/\/bumzi.ro\/index.php?rest_route=\/wp\/v2\/posts\/1558\/revisions\/1560"}],"wp:featuredmedia":[{"embeddable":true,"href":"https:\/\/bumzi.ro\/index.php?rest_route=\/wp\/v2\/media\/1559"}],"wp:attachment":[{"href":"https:\/\/bumzi.ro\/index.php?rest_route=%2Fwp%2Fv2%2Fmedia&parent=1558"}],"wp:term":[{"taxonomy":"category","embeddable":true,"href":"https:\/\/bumzi.ro\/index.php?rest_route=%2Fwp%2Fv2%2Fcategories&post=1558"},{"taxonomy":"post_tag","embeddable":true,"href":"https:\/\/bumzi.ro\/index.php?rest_route=%2Fwp%2Fv2%2Ftags&post=1558"}],"curies":[{"name":"wp","href":"https:\/\/api.w.org\/{rel}","templated":true}]}}