{"id":16910,"date":"2026-01-11T09:22:35","date_gmt":"2026-01-11T09:22:35","guid":{"rendered":"https:\/\/bumzi.ro\/?p=16910"},"modified":"2026-01-11T09:22:35","modified_gmt":"2026-01-11T09:22:35","slug":"pregatiti-sania-ninsori-puternice-peste-romania-va-ninge-11-zile-la-rand","status":"publish","type":"post","link":"https:\/\/bumzi.ro\/?p=16910","title":{"rendered":"Preg\u0103ti\u021bi sania! Ninsori puternice peste Rom\u00e2nia! Va ninge 11 zile la r\u00e2nd"},"content":{"rendered":"<p id=\"p-1\">Iarna \u0219i-a intrat serios \u00een drepturi \u00een ultima perioad\u0103, aproape toat\u0103 Rom\u00e2nia confrunt\u00e2ndu-se cu temperaturi sc\u0103zute \u0219i ninsori. Potrivit meteorologilor, vremea rea nu dispare, iar urm\u0103toarele s\u0103pt\u0103m\u00e2ni vor fi marcare de ninsori consistente \u0219i temperaturi negative. Conform Accuweather, \u00een toate regiunile din \u021bar\u0103 se anun\u021b\u0103 viscol \u0219i frig.<\/p>\n<h2 id=\"chapter-0\">Temperaturi sc\u0103zute \u00een cel mai c\u0103lduros ora\u0219 din Rom\u00e2nia<\/h2>\n<p id=\"p-3\">Oravi\u021ba este considerat, de ani buni, cel mai c\u0103lduros ora\u0219 din Rom\u00e2nia. A\u0219ezarea sa geografic\u0103 \u00eel protejeaz\u0103 de masele de aer rece din nord-est, fiind \u00eenconjurat\u0103 de dealuri \u0219i mun\u021bi \u0219i beneficiind de influen\u021be mediteraneene. \u00cen plus, v\u00e2ntul local \u201eAustru\u201d aduce, de obicei, aer mai cald \u00een sezonul rece, topind rapid z\u0103pada \u0219i men\u021bin\u00e2nd temperaturi peste media na\u021bional\u0103.<\/p>\n<p id=\"p-4\">De exemplu \u00een luna februarie 2024, Oravi\u021ba a \u00eenregistrat o medie lunar\u0103 de aproape 10 grade Celsius, valori comparabile cu cele din sudul Italiei. \u00cens\u0103, acum meteorologii vin cu ve\u0219ti diferite.<\/p>\n<p id=\"p-5\">Potrivit Accuweather, situa\u021bia se schimb\u0103 radical \u00een aceast\u0103 iarn\u0103. \u00cencep\u00e2nd cu data de 11 ianuarie \u0219i p\u00e2n\u0103 pe 21 ianuarie, ora\u0219ul se va confrunta cu 11\u00a0zile consecutive de ninsoare. \u00cen plus, temperaturile vor cobor\u00e2 semnificativ. Minimele nocturne sunt prognozate s\u0103 ajung\u0103 p\u00e2n\u0103 la -10 grade Celsius, valori neobi\u0219nuit de sc\u0103zute pentru Oravi\u021ba.<\/p>\n<p id=\"p-6\"><img loading=\"lazy\" decoding=\"async\" class=\"aligncenter size-large wp-image-9337120\" src=\"https:\/\/www.romaniatv.net\/wp-content\/uploads\/2026\/01\/meteo-1196x1080.jpeg\" alt=\"\" width=\"1196\" height=\"1080\" \/><\/p>\n<p id=\"p-7\">Mai mult, un val de ger cuprinde \u00eentreaga \u021bar\u0103. Urmeaz\u0103 temperaturi sc\u0103zute, ninsori \u0219i un strat de z\u0103pad\u0103 \u00een mai multe zone, inclusiv \u00een Bucure\u0219ti. De asemenea, \u00een vigoare este \u0219i un cod galben de ger, valabil \u00een nordul Moldovei \u0219i estul Transilvaniei, potrivit Cancan.<\/p>\n<p id=\"p-8\"><em>\u201eCel mai frig va fi \u00een depresiunile din estul Transilvaniei, dar \u0219i \u00een nordul Moldovei. Practic, \u00eencep\u00e2nd de ast\u0103zi, o vreme rece \u00een jum\u0103tatea nordic\u0103 a \u021b\u0103rii, cu maxime preponderent negative, \u00eentre minus nou\u0103 \u0219i cel mult 0\u00b0C. Urmeaz\u0103 o noapte rece, cu minime termice \u00eentre -14 \u0219i -10 grade \u00een nordul Moldovei \u0219i \u00een estul Transilvaniei, acolo unde va fi \u00een vigoare \u0219i o aten\u021bionare meteorologic\u0103 de cod galben. \u00cen nordul Moldovei, cel mult valori \u00een jurul a -10 grade.<\/em><\/p>\n<p id=\"p-9\"><em>\u00cencep\u00e2nd din noaptea de s\u00e2mb\u0103t\u0103 \u0219i p\u00e2n\u0103 mar\u021bi, vremea va fi deosebit de rece \u00een toate regiunile, \u00een special \u00een Banat, Cri\u0219ana, Maramure\u0219, Transilvania, Moldova, dar \u0219i \u00een zona de munte, pentru c\u0103 maximele vor fi cuprinse, de asemenea, \u00eentre -11 \u0219i 0 grade, iar nop\u021bile vor fi geroase, cu valori \u00eentre -18 \u0219i -6\u00b0C<\/em>\u201d, a declarat Elena Mateescu, directoarea ANM.<\/p>\n","protected":false},"excerpt":{"rendered":"<p>Iarna \u0219i-a intrat serios \u00een drepturi \u00een ultima perioad\u0103, aproape toat\u0103 Rom\u00e2nia confrunt\u00e2ndu-se cu temperaturi sc\u0103zute \u0219i ninsori. Potrivit meteorologilor, vremea rea nu dispare, iar urm\u0103toarele s\u0103pt\u0103m\u00e2ni vor fi marcare de ninsori consistente \u0219i temperaturi negative. Conform Accuweather, \u00een toate regiunile din \u021bar\u0103 se anun\u021b\u0103 viscol \u0219i frig. Temperaturi sc\u0103zute \u00een cel mai c\u0103lduros ora\u0219 [&hellip;]<\/p>\n","protected":false},"author":1,"featured_media":16911,"comment_status":"closed","ping_status":"closed","sticky":false,"template":"","format":"standard","meta":{"footnotes":""},"categories":[7],"tags":[],"class_list":["post-16910","post","type-post","status-publish","format-standard","has-post-thumbnail","hentry","category-stiri"],"_links":{"self":[{"href":"https:\/\/bumzi.ro\/index.php?rest_route=\/wp\/v2\/posts\/16910","targetHints":{"allow":["GET"]}}],"collection":[{"href":"https:\/\/bumzi.ro\/index.php?rest_route=\/wp\/v2\/posts"}],"about":[{"href":"https:\/\/bumzi.ro\/index.php?rest_route=\/wp\/v2\/types\/post"}],"author":[{"embeddable":true,"href":"https:\/\/bumzi.ro\/index.php?rest_route=\/wp\/v2\/users\/1"}],"replies":[{"embeddable":true,"href":"https:\/\/bumzi.ro\/index.php?rest_route=%2Fwp%2Fv2%2Fcomments&post=16910"}],"version-history":[{"count":1,"href":"https:\/\/bumzi.ro\/index.php?rest_route=\/wp\/v2\/posts\/16910\/revisions"}],"predecessor-version":[{"id":16912,"href":"https:\/\/bumzi.ro\/index.php?rest_route=\/wp\/v2\/posts\/16910\/revisions\/16912"}],"wp:featuredmedia":[{"embeddable":true,"href":"https:\/\/bumzi.ro\/index.php?rest_route=\/wp\/v2\/media\/16911"}],"wp:attachment":[{"href":"https:\/\/bumzi.ro\/index.php?rest_route=%2Fwp%2Fv2%2Fmedia&parent=16910"}],"wp:term":[{"taxonomy":"category","embeddable":true,"href":"https:\/\/bumzi.ro\/index.php?rest_route=%2Fwp%2Fv2%2Fcategories&post=16910"},{"taxonomy":"post_tag","embeddable":true,"href":"https:\/\/bumzi.ro\/index.php?rest_route=%2Fwp%2Fv2%2Ftags&post=16910"}],"curies":[{"name":"wp","href":"https:\/\/api.w.org\/{rel}","templated":true}]}}