{"id":20870,"date":"2026-03-06T13:16:36","date_gmt":"2026-03-06T13:16:36","guid":{"rendered":"https:\/\/bumzi.ro\/?p=20870"},"modified":"2026-03-06T13:16:36","modified_gmt":"2026-03-06T13:16:36","slug":"maia-sandu-a-decis","status":"publish","type":"post","link":"https:\/\/bumzi.ro\/?p=20870","title":{"rendered":"Maia Sandu a decis!"},"content":{"rendered":"<p>Pre\u0219edinta Republicii Moldova, Maia Sandu, a respins \u00eentr-un interviu oferit joi specula\u0163iile potrivit c\u0103rora ar putea candida, \u00een viitor, la func\u0163ia de pre\u015fedinte al Rom\u00e2niei. \u201eDe ce s\u0103 candidez \u00een Rom\u00e2nia? Rom\u00e2nia are un pre\u015fedinte, un pre\u015fedinte bun\u201d, a precizat aceasta.<\/p>\n<p>\u00cen timpul declara\u0163iilor, lidera de la Chi\u015fin\u0103u a mai men\u0163ionat c\u0103 va respecta prevederile Constitu\u0163iei \u015fi nu va candida pentru un nou mandat.<\/p>\n<h2>Maia Sandu: \u201eNu candidez \u015fi respect Constitu\u0163ia\u201d<\/h2>\n<p>Articolul 80 din Constitu\u0163ia Republicii Moldova prevede c\u0103 \u201enicio persoan\u0103 nu poate \u00eendeplini func\u0163ia de Pre\u015fedinte al Republicii Moldova dec\u00e2t pentru cel mult dou\u0103 mandate consecutive\u201d.<\/p>\n<p>\u00cens\u0103, recent, pe re\u0163elele de socializare au ap\u0103rut unele discu\u0163ii \u00een care se specula c\u0103 Maia Sandu \u015fi-ar dori s\u0103 mai r\u0103m\u00e2n\u0103 la conducerea \u0163\u0103rii, potrivit NewsMaker.md.<\/p>\n<p>\u00centrebat\u0103 joi, la Jurnal TV, dac\u0103 inten\u0163ioneaz\u0103 s\u0103 candideze pentru un nou mandat de \u015fef al statului, Maia Sandu a respins aceste specula\u0163ii.<\/p>\n<p>\u201eNu candidez \u015fi respect Constitu\u0163ia. Vreau s\u0103-i rog pe oamenii care scriu asemenea lucruri c\u0103 fac r\u0103u societ\u0103\u0163ii noastre \u015fi \u00eencrederii \u00een Constitu\u0163ie. Este foarte bine c\u0103 e limitat \u00een Constitu\u0163ie termenul pentru pre\u015fedinte \u015fi sper s\u0103 r\u0103m\u00e2nem \u00een continuare o democra\u0163ie. V\u0103 rog s\u0103 nu mai scrie\u0163i asta nici cei bine inten\u0163iona\u0163i, nici cei prost inten\u0163iona\u0163i\u201d, a declarat Maia Sandu, conform sursei citate.<\/p>\n<h2>Maia Sandu respinge ideea unei candidaturi \u00een Rom\u00e2nia<\/h2>\n<p>Pre\u015fedinta Republicii Moldova a respins \u015fi ipoteza potrivit c\u0103reia ar putea candida la func\u0163ia de pre\u015fedinte al Rom\u00e2niei.<\/p>\n<p>\u201eDe ce s\u0103 candidez \u00een Rom\u00e2nia? Rom\u00e2nia are un pre\u015fedinte, un pre\u015fedinte bun. Noi avem aici \u00eenc\u0103 multe lucruri \u015fi eu pot s\u0103 contribui la dezvoltarea acestei \u0163\u0103ri \u015fi din alte func\u0163ii sau locuri de munc\u0103, ca s\u0103 zic a\u015fa\u201d, a subliniat Maia Sandu \u00een timpul declara\u0163iilor de la Jurnal TV.<\/p>\n<h2>Maia Sandu nu mai poate candida la urm\u0103toarele alegeri preziden\u0163iale<\/h2>\n<p>Maia Sandu a exercitat deja dou\u0103 mandate consecutive: primul \u2013 \u00een perioada 2020 \u2013 2024, iar al doilea \u2013 a \u00eenceput dup\u0103 realegerea din 2024. Astfel, ea nu mai poate candida la urm\u0103toarele alegeri preziden\u0163iale, care ar urma s\u0103 aib\u0103 loc, cel mai probabil, \u00een 2028.<\/p>\n<p>Pre\u015fedinta Republicii Moldova ar putea \u00eens\u0103 reveni \u00een cursa preziden\u0163ial\u0103 doar dup\u0103 o pauz\u0103 de cel pu\u0163in un mandat exercitat de o alt\u0103 persoan\u0103, au mai scris jurnali\u015ftii de la NewsMaker.md.<\/p>\n<h2>Un moment important \u00een politica Republicii Moldova<\/h2>\n<p>Maia Sandu este primul pre\u015fedinte ales prin vot direct care ob\u0163ine dou\u0103 mandate consecutive \u00een istoria recent\u0103 a Republicii Moldova. Vladimir Voronin a avut, la r\u00e2ndul s\u0103u, dou\u0103 mandate de pre\u015fedinte, \u00eens\u0103 a fost ales de Parlament.<\/p>\n<p>De cur\u00e2nd, lidera de la Chi\u0219in\u0103u a declarat c\u0103 viitorul pre\u015fedinte al Republicii Moldova ar trebui s\u0103 fie un lider capabil s\u0103 construiasc\u0103 rela\u0163ii solide cu partenerii externi \u015fi s\u0103 men\u0163in\u0103 \u0163ara pe agenda interna\u0163ional\u0103.<\/p>\n<p>Alegerea acestuia, a subliniat Maia Sandu, apar\u0163ine \u00een totalitate cet\u0103\u0163enilor.<\/p>\n","protected":false},"excerpt":{"rendered":"<p>Pre\u0219edinta Republicii Moldova, Maia Sandu, a respins \u00eentr-un interviu oferit joi specula\u0163iile potrivit c\u0103rora ar putea candida, \u00een viitor, la func\u0163ia de pre\u015fedinte al Rom\u00e2niei. \u201eDe ce s\u0103 candidez \u00een Rom\u00e2nia? Rom\u00e2nia are un pre\u015fedinte, un pre\u015fedinte bun\u201d, a precizat aceasta. \u00cen timpul declara\u0163iilor, lidera de la Chi\u015fin\u0103u a mai men\u0163ionat c\u0103 va respecta prevederile [&hellip;]<\/p>\n","protected":false},"author":1,"featured_media":20871,"comment_status":"closed","ping_status":"closed","sticky":false,"template":"","format":"standard","meta":{"footnotes":""},"categories":[7],"tags":[],"class_list":["post-20870","post","type-post","status-publish","format-standard","has-post-thumbnail","hentry","category-stiri"],"_links":{"self":[{"href":"https:\/\/bumzi.ro\/index.php?rest_route=\/wp\/v2\/posts\/20870","targetHints":{"allow":["GET"]}}],"collection":[{"href":"https:\/\/bumzi.ro\/index.php?rest_route=\/wp\/v2\/posts"}],"about":[{"href":"https:\/\/bumzi.ro\/index.php?rest_route=\/wp\/v2\/types\/post"}],"author":[{"embeddable":true,"href":"https:\/\/bumzi.ro\/index.php?rest_route=\/wp\/v2\/users\/1"}],"replies":[{"embeddable":true,"href":"https:\/\/bumzi.ro\/index.php?rest_route=%2Fwp%2Fv2%2Fcomments&post=20870"}],"version-history":[{"count":1,"href":"https:\/\/bumzi.ro\/index.php?rest_route=\/wp\/v2\/posts\/20870\/revisions"}],"predecessor-version":[{"id":20872,"href":"https:\/\/bumzi.ro\/index.php?rest_route=\/wp\/v2\/posts\/20870\/revisions\/20872"}],"wp:featuredmedia":[{"embeddable":true,"href":"https:\/\/bumzi.ro\/index.php?rest_route=\/wp\/v2\/media\/20871"}],"wp:attachment":[{"href":"https:\/\/bumzi.ro\/index.php?rest_route=%2Fwp%2Fv2%2Fmedia&parent=20870"}],"wp:term":[{"taxonomy":"category","embeddable":true,"href":"https:\/\/bumzi.ro\/index.php?rest_route=%2Fwp%2Fv2%2Fcategories&post=20870"},{"taxonomy":"post_tag","embeddable":true,"href":"https:\/\/bumzi.ro\/index.php?rest_route=%2Fwp%2Fv2%2Ftags&post=20870"}],"curies":[{"name":"wp","href":"https:\/\/api.w.org\/{rel}","templated":true}]}}