{"id":22744,"date":"2026-04-07T11:03:27","date_gmt":"2026-04-07T11:03:27","guid":{"rendered":"https:\/\/bumzi.ro\/?p=22744"},"modified":"2026-04-07T11:03:27","modified_gmt":"2026-04-07T11:03:27","slug":"se-cutremura-cerurile-nora-lui-mircea-lucescu-a-facut-anuntul","status":"publish","type":"post","link":"https:\/\/bumzi.ro\/?p=22744","title":{"rendered":"Se cutremur\u0103 cerurile! Nora lui Mircea Lucescu a facut anun\u021bul."},"content":{"rendered":"<div class=\"single-content-left js-sticky-sidebar share-box-2\">\n<div class=\"theiaStickySidebar\"><\/div>\n<\/div>\n<div class=\"single-content-right\">\n<div class=\"single-body entry-content typography-copy\">\n<div class=\"freshsingle\">\n<p>Momentele critice prin care trece Mircea Lucescu sunt dublate de tensiuni \u00een afara spitalului unde acesta este internat. Familia tehnicianului se confrunt\u0103 nu doar cu incertitudinea medical\u0103, ci \u0219i cu presiunea mediatic\u0103 intens\u0103.<\/p>\n<p>Fostul selec\u021bioner, \u00een v\u00e2rst\u0103 de 80 de ani, se afl\u0103 \u00een continuare sub supraveghere la Terapie Intensiv\u0103, dup\u0103 ce starea sa s-a agravat din cauza unor probleme cardiace severe. Medicii au decis sedarea \u0219i monitorizarea permanent\u0103 cu ajutorul aparatelor.<\/p>\n<h2>R\u0103zvan Lucescu a revenit de urgen\u021b\u0103 \u00een \u021bar\u0103<\/h2>\n<p>\u00cen acest context, R\u0103zvan Lucescu a revenit de urgen\u021b\u0103 \u00een \u021bar\u0103, imediat dup\u0103 meciul disputat de PAOK FC \u00eempotriva celor de la Panathinaikos FC, pentru a fi al\u0103turi de tat\u0103l s\u0103u.<\/p>\n<p>So\u021bia lui R\u0103zvan Lucescu, Ana-Maria, a f\u0103cut publice detalii despre un episod pe care l-a descris drept \u201einvaziv\u201d \u0219i \u201edureros\u201d, petrecut chiar \u00een fa\u021ba unit\u0103\u021bii medicale. Aceasta a explicat c\u0103 prezen\u021ba numeroas\u0103 a jurnali\u0219tilor a creat o situa\u021bie limit\u0103 pentru familie.<\/p>\n<p>\u201eNu \u00eemi expun public dec\u00e2t emo\u021biile profesionale \u0219i, chiar \u0219i atunci, foarte rar. Nu am f\u0103cut niciodat\u0103 public nici cel mai mic detaliu din via\u021ba mea de familie. \u0218i totu\u0219i, asear\u0103, \u00een ma\u0219in\u0103, \u00eempreun\u0103 cu fiica mea, am ajuns s\u0103 ne ascundem sub scaune. A fost umilitor. A fost dureros. Senza\u021bia a fost profund invaziv\u0103, greu de descris altfel.<\/p>\n<p>Am sim\u021bit impulsul s\u0103 merg la jurnali\u0219ti \u0219i s\u0103-i implor s\u0103 se opreasc\u0103. Dar mi-am dat seama c\u0103 orice gest de acest fel ar fi \u00eentors camerele spre mine \u0219i ar fi ad\u0103ugat \u00eenc\u0103 o secven\u021b\u0103 la acela\u0219i spectacol. A durut enorm\u201d, a transmis aceasta pe re\u021belele sociale.<\/p>\n<\/div>\n<\/div>\n<\/div>\n","protected":false},"excerpt":{"rendered":"<p>Momentele critice prin care trece Mircea Lucescu sunt dublate de tensiuni \u00een afara spitalului unde acesta este internat. Familia tehnicianului se confrunt\u0103 nu doar cu incertitudinea medical\u0103, ci \u0219i cu presiunea mediatic\u0103 intens\u0103. Fostul selec\u021bioner, \u00een v\u00e2rst\u0103 de 80 de ani, se afl\u0103 \u00een continuare sub supraveghere la Terapie Intensiv\u0103, dup\u0103 ce starea sa s-a [&hellip;]<\/p>\n","protected":false},"author":1,"featured_media":22745,"comment_status":"closed","ping_status":"closed","sticky":false,"template":"","format":"standard","meta":{"footnotes":""},"categories":[18],"tags":[],"class_list":["post-22744","post","type-post","status-publish","format-standard","has-post-thumbnail","hentry","category-povesti"],"_links":{"self":[{"href":"https:\/\/bumzi.ro\/index.php?rest_route=\/wp\/v2\/posts\/22744","targetHints":{"allow":["GET"]}}],"collection":[{"href":"https:\/\/bumzi.ro\/index.php?rest_route=\/wp\/v2\/posts"}],"about":[{"href":"https:\/\/bumzi.ro\/index.php?rest_route=\/wp\/v2\/types\/post"}],"author":[{"embeddable":true,"href":"https:\/\/bumzi.ro\/index.php?rest_route=\/wp\/v2\/users\/1"}],"replies":[{"embeddable":true,"href":"https:\/\/bumzi.ro\/index.php?rest_route=%2Fwp%2Fv2%2Fcomments&post=22744"}],"version-history":[{"count":1,"href":"https:\/\/bumzi.ro\/index.php?rest_route=\/wp\/v2\/posts\/22744\/revisions"}],"predecessor-version":[{"id":22746,"href":"https:\/\/bumzi.ro\/index.php?rest_route=\/wp\/v2\/posts\/22744\/revisions\/22746"}],"wp:featuredmedia":[{"embeddable":true,"href":"https:\/\/bumzi.ro\/index.php?rest_route=\/wp\/v2\/media\/22745"}],"wp:attachment":[{"href":"https:\/\/bumzi.ro\/index.php?rest_route=%2Fwp%2Fv2%2Fmedia&parent=22744"}],"wp:term":[{"taxonomy":"category","embeddable":true,"href":"https:\/\/bumzi.ro\/index.php?rest_route=%2Fwp%2Fv2%2Fcategories&post=22744"},{"taxonomy":"post_tag","embeddable":true,"href":"https:\/\/bumzi.ro\/index.php?rest_route=%2Fwp%2Fv2%2Ftags&post=22744"}],"curies":[{"name":"wp","href":"https:\/\/api.w.org\/{rel}","templated":true}]}}