{"id":23409,"date":"2026-04-27T10:32:04","date_gmt":"2026-04-27T10:32:04","guid":{"rendered":"https:\/\/bumzi.ro\/?p=23409"},"modified":"2026-04-27T10:32:04","modified_gmt":"2026-04-27T10:32:04","slug":"meteorologii-au-emis-coduri-galben-si-portocaliu-in-toata-tara","status":"publish","type":"post","link":"https:\/\/bumzi.ro\/?p=23409","title":{"rendered":"Meteorologii au emis coduri galben \u0219i portocaliu \u00een toat\u0103 \u021bara"},"content":{"rendered":"<p class=\"first-paragraph-bottom\"><span class=\"first-paragraph\">Meteorologii estimeaz\u0103 intensific\u0103ri sus\u021binute ale curen\u021bilor de aer, cu rafale ce pot urca p\u00e2n\u0103 la\u00a0<strong>120 km\/h<\/strong>\u00a0la altitudini mari, \u00een timp ce \u00een zonele joase valorile pot dep\u0103\u0219i pragurile obi\u0219nuite pentru aceast\u0103 perioad\u0103.<\/span><\/p>\n<p>Fenomenul va afecta at\u00e2t c\u00e2mpiile \u0219i depresiunile, c\u00e2t \u0219i crestele montane, unde condi\u021biile devin periculoase pentru deplas\u0103ri, lucr\u0103ri la \u00een\u0103l\u021bime \u0219i activit\u0103\u021bi turistice. \u00cen a doua parte a zilei, aria v\u00e2ntului puternic se va extinde treptat spre restul regiunilor, accentu\u00e2nd disconfortul \u0219i riscurile de avarie la infrastructur\u0103 u\u0219oar\u0103.<\/p>\n<h2>Zone \u0219i intensit\u0103\u021bi vizate<\/h2>\n<p>Un\u00a0<strong>COD GALBEN<\/strong>\u00a0este \u00een vigoare duminic\u0103,\u00a0<strong>26 aprilie<\/strong>, \u00een intervalul\u00a0<em>09:00\u201321:00<\/em>. Diminea\u021ba, intensific\u0103rile vizeaz\u0103 \u00een special\u00a0<em>nordul<\/em>,\u00a0<em>nord-estul<\/em>\u00a0\u0219i\u00a0<em>centrul<\/em>\u00a0\u021b\u0103rii, urm\u00e2nd ca dup\u0103-amiaza s\u0103 se extind\u0103 \u00een restul regiunilor. Sunt a\u0219teptate rafale de\u00a0<strong>50\u201370 km\/h<\/strong>\u00a0\u00een zonele joase \u0219i de\u00a0<strong>70\u201390 km\/h<\/strong>\u00a0pe arii montane.<\/p>\n<p>\u00cen paralel, r\u0103m\u00e2ne activ un\u00a0<strong>COD PORTOCALIU<\/strong>\u00a0p\u00e2n\u0103 la ora\u00a0<em>18:00<\/em>\u00a0pentru\u00a0<strong>Boto\u0219ani, Ia\u0219i, Vaslui, Gala\u021bi<\/strong>, precum \u0219i pentru\u00a0<em>zonele joase<\/em>\u00a0din\u00a0Suceava, Neam\u021b, Bac\u0103u, Vrancea, unde se anticipeaz\u0103 rafale de\u00a0<strong>70\u201390 km\/h<\/strong>.<\/p>\n<p>Un al doilea\u00a0<strong>COD PORTOCALIU<\/strong>\u00a0este valabil p\u00e2n\u0103 la\u00a0<em>20:00<\/em>\u00a0\u00een\u00a0Br\u0103ila, Tulcea, Ialomi\u021ba \u0219i C\u0103l\u0103ra\u0219i, cu intensific\u0103ri similare, \u00een reprize, ce pot atinge\u00a0<strong>70\u201390 km\/h<\/strong>\u00a0pe intervale scurte.<\/p>\n<p>La altitudini de peste\u00a0<strong>1600 m<\/strong>\u00a0\u00een\u00a0<em>Carpa\u021bii Orientali<\/em>,\u00a0<em>Meridionali<\/em>\u00a0\u0219i \u00een\u00a0<em>Mun\u021bii Apuseni<\/em>, sunt prognozate rafale de\u00a0<strong>100\u2013120 km\/h<\/strong>. Pentru aceste zone montane \u00eenalte,\u00a0<strong>CODUL PORTOCALIU<\/strong>\u00a0se men\u021bine p\u00e2n\u0103 duminic\u0103, la ora\u00a0<em>21:00<\/em>.<\/p>\n<h2>Intervale \u0219i prelungiri la munte<\/h2>\n<p>De\u00a0<strong>duminic\u0103 sear\u0103<\/strong>\u00a0\u0219i p\u00e2n\u0103 luni,\u00a0<em>27 aprilie 2026, ora 02:00<\/em>, un\u00a0<strong>COD GALBEN<\/strong>\u00a0vizeaz\u0103\u00a0<strong>Carpa\u021bii Meridionali<\/strong>, unde v\u00e2ntul va avea intensific\u0103ri cu rafale de\u00a0<strong>70\u201390 km\/h<\/strong>. \u00cen acela\u0219i interval, pentru \u00een\u0103l\u021bimile de peste\u00a0<strong>1600 m<\/strong>\u00a0din acela\u0219i lan\u021b muntos se men\u021bine\u00a0<strong>CODUL PORTOCALIU<\/strong>, cu rafale posibile din nou spre\u00a0<strong>100\u2013120 km\/h<\/strong>.<\/p>\n<p><strong>Impactul a\u0219teptat<\/strong>: \u00een zonele joase, rafalele de\u00a0<strong>50\u201370 km\/h<\/strong>\u00a0pot produce\u00a0<em>disconfort accentuat<\/em>, pot antrena praf \u0219i pot destabiliza obiecte nefixate. \u00cen teren montan \u0219i pe creste, valorile apropiate de\u00a0<strong>120 km\/h<\/strong>\u00a0pot\u00a0<em>dobor\u00ee arbori<\/em>, pot\u00a0<em>afecta acoperi\u0219uri<\/em>\u00a0\u0219i pot \u00eengreuna semnificativ deplasarea.<\/p>\n<blockquote><p><strong>Aten\u021bie pe drumuri<\/strong>: \u0219oferii, \u00een special cei care conduc vehicule \u00eenalte sau cu sarcini voluminoase, ar trebui s\u0103 reduc\u0103 viteza \u0219i s\u0103 anticipeze rafalele laterale pe poduri, deschideri expuse sau \u00een zone de deal \u0219i c\u00e2mpie. Motocicli\u0219tii \u0219i bicicli\u0219tii au nevoie de pruden\u021b\u0103 suplimentar\u0103.<\/p><\/blockquote>\n<p><strong>Recomand\u0103ri utile<\/strong>\u00a0pentru popula\u021bie: fixa\u021bi elementele mobile din cur\u021bi \u0219i balcoane, parca\u021bi ma\u0219inile departe de arbori sau panouri publicitare, am\u00e2na\u021bi lucr\u0103rile la \u00een\u0103l\u021bime \u0219i evita\u021bi traseele expuse de creast\u0103. Echipamentele u\u0219oare \u0219i materialele de construc\u021bii neancorate ar trebui depozitate \u00een spa\u021bii protejate.<\/p>\n<p>Pentru iubitorii de drume\u021bii, este indicat\u0103 reevaluarea planurilor pe durata avertiz\u0103rilor, verificarea prognozei pe parcursul zilei \u0219i alegerea unor rute joase, ferite, dac\u0103 deplasarea este absolut necesar\u0103. Pe vreme cu v\u00e2nt tare, stratul de sol uscat \u0219i pietri\u0219ul pot deveni\u00a0<em>proiectile<\/em>\u00a0la nivelul solului, iar vizibilitatea poate sc\u0103dea brusc \u00een zonele cu praf antrenat de curen\u021bi.<\/p>\n<p>\u00cen est \u0219i sud-est, unde\u00a0<strong>CODUL PORTOCALIU<\/strong>\u00a0r\u0103m\u00e2ne activ p\u00e2n\u0103 spre sear\u0103, perioadele cu intensific\u0103ri \u00een rafale pot alterna cu intervale scurte de acalmie. Planifica\u021bi deplas\u0103rile \u021bin\u00e2nd cont de ferestrele orare men\u021bionate \u0219i urm\u0103ri\u021bi mesaje noi de nowcasting, acolo unde sunt emise.<\/p>\n<p>Pe durata fenomenelor, este util s\u0103 ave\u021bi la \u00eendem\u00e2n\u0103 o lantern\u0103, baterii \u00eenc\u0103rcate pentru dispozitivele mobile \u0219i s\u0103 men\u021bine\u021bi comunicarea cu membrii familiei, \u00een special dac\u0103 locui\u021bi \u00een zone izolate sau frecvent expuse la v\u00e2nt. Actualiz\u0103rile oficiale privind vremea \u0219i alertele locale r\u0103m\u00e2n reperul pentru decizii rapide pe parcursul acestor intervale.<\/p>\n","protected":false},"excerpt":{"rendered":"<p>Meteorologii estimeaz\u0103 intensific\u0103ri sus\u021binute ale curen\u021bilor de aer, cu rafale ce pot urca p\u00e2n\u0103 la\u00a0120 km\/h\u00a0la altitudini mari, \u00een timp ce \u00een zonele joase valorile pot dep\u0103\u0219i pragurile obi\u0219nuite pentru aceast\u0103 perioad\u0103. Fenomenul va afecta at\u00e2t c\u00e2mpiile \u0219i depresiunile, c\u00e2t \u0219i crestele montane, unde condi\u021biile devin periculoase pentru deplas\u0103ri, lucr\u0103ri la \u00een\u0103l\u021bime \u0219i activit\u0103\u021bi turistice. [&hellip;]<\/p>\n","protected":false},"author":1,"featured_media":22818,"comment_status":"closed","ping_status":"closed","sticky":false,"template":"","format":"standard","meta":{"footnotes":""},"categories":[18],"tags":[],"class_list":["post-23409","post","type-post","status-publish","format-standard","has-post-thumbnail","hentry","category-povesti"],"_links":{"self":[{"href":"https:\/\/bumzi.ro\/index.php?rest_route=\/wp\/v2\/posts\/23409","targetHints":{"allow":["GET"]}}],"collection":[{"href":"https:\/\/bumzi.ro\/index.php?rest_route=\/wp\/v2\/posts"}],"about":[{"href":"https:\/\/bumzi.ro\/index.php?rest_route=\/wp\/v2\/types\/post"}],"author":[{"embeddable":true,"href":"https:\/\/bumzi.ro\/index.php?rest_route=\/wp\/v2\/users\/1"}],"replies":[{"embeddable":true,"href":"https:\/\/bumzi.ro\/index.php?rest_route=%2Fwp%2Fv2%2Fcomments&post=23409"}],"version-history":[{"count":1,"href":"https:\/\/bumzi.ro\/index.php?rest_route=\/wp\/v2\/posts\/23409\/revisions"}],"predecessor-version":[{"id":23410,"href":"https:\/\/bumzi.ro\/index.php?rest_route=\/wp\/v2\/posts\/23409\/revisions\/23410"}],"wp:featuredmedia":[{"embeddable":true,"href":"https:\/\/bumzi.ro\/index.php?rest_route=\/wp\/v2\/media\/22818"}],"wp:attachment":[{"href":"https:\/\/bumzi.ro\/index.php?rest_route=%2Fwp%2Fv2%2Fmedia&parent=23409"}],"wp:term":[{"taxonomy":"category","embeddable":true,"href":"https:\/\/bumzi.ro\/index.php?rest_route=%2Fwp%2Fv2%2Fcategories&post=23409"},{"taxonomy":"post_tag","embeddable":true,"href":"https:\/\/bumzi.ro\/index.php?rest_route=%2Fwp%2Fv2%2Ftags&post=23409"}],"curies":[{"name":"wp","href":"https:\/\/api.w.org\/{rel}","templated":true}]}}