{"id":23440,"date":"2026-04-27T11:20:07","date_gmt":"2026-04-27T11:20:07","guid":{"rendered":"https:\/\/bumzi.ro\/?p=23440"},"modified":"2026-04-27T11:20:07","modified_gmt":"2026-04-27T11:20:07","slug":"nimeni-nu-se-astepta-la-asta-decizia-luata-de-nicusor-dan","status":"publish","type":"post","link":"https:\/\/bumzi.ro\/?p=23440","title":{"rendered":"Nimeni nu se a\u0219tepta la asta! Decizia luat\u0103 de Nicu\u0219or Dan"},"content":{"rendered":"<p>Pre\u0219edintele Nicu\u0219or Dan preg\u0103te\u0219te o nou\u0103 rund\u0103 de consult\u0103ri la Palatul Cotroceni, \u00eentr-un moment tensionat pe scena politic\u0103. Potrivit informa\u021biilor ap\u0103rute \u00een spa\u021biul public, liderii principalelor partide vor fi invita\u021bi la discu\u021bii \u00een cursul s\u0103pt\u0103m\u00e2nii viitoare, pentru a \u00eencerca deblocarea situa\u021biei politice actuale.<\/p>\n<h2>Liderii partidelor, chema\u021bi din nou la negocieri<\/h2>\n<p>Potrivit surselor citate de Antena 3 CNN, la consult\u0103ri sunt a\u0219tepta\u021bi reprezentan\u021bii principalelor forma\u021biuni politice:<\/p>\n<ul>\n<li>Partidul Social Democrat (PSD)<\/li>\n<li>Partidul Na\u021bional Liberal (PNL)<\/li>\n<li>Uniunea Salva\u021bi Rom\u00e2nia (USR)<\/li>\n<li>Uniunea Democrat\u0103 Maghiar\u0103 din Rom\u00e2nia (UDMR)<\/li>\n<\/ul>\n<p>\u00cent\u00e2lnirea ar urma s\u0103 aib\u0103 loc \u00eenainte de plecarea \u0219efului statului \u00eentr-o deplasare extern\u0103 programat\u0103 pentru 27 aprilie. Discu\u021biile au loc \u00eentr-un context politic complicat, \u00een care nu a fost identificat\u0103 p\u00e2n\u0103 acum o solu\u021bie clar\u0103 pentru detensionarea crizei.<\/p>\n<p>Dup\u0103 retragerea sprijinului politic de c\u0103tre PSD pentru guvernul condus de premierul Ilie Bolojan, partidele implicate au r\u0103mas pe pozi\u021bii ferme, f\u0103r\u0103 semne evidente<\/p>\n<h2>Tentativ\u0103 de dialog pentru dep\u0103\u0219irea blocajului<\/h2>\n<p>Sursele indic\u0103 faptul c\u0103 scopul noilor consult\u0103ri este readucerea partidelor pro-europene la masa negocierilor \u0219i identificarea unei formule politice care s\u0103 permit\u0103 dep\u0103\u0219irea impasului actual.<\/p>\n<p>\u00cen acest moment, Nicu\u0219or Dan nu poate interveni direct \u00een conflictul politic dintre partide, \u00eens\u0103 \u00ee\u0219i asum\u0103 rolul de mediator. Prin aceste \u00eent\u00e2lniri, pre\u0219edintele \u00eencearc\u0103 s\u0103 creeze cadrul pentru reluarea dialogului \u0219i reducerea tensiunilor.<\/p>\n<h2>Demisiile mini\u0219trilor \u0219i pozi\u021bia PSD<\/h2>\n<p>Demisiile mini\u0219trilor din partea Partidul Social Democrat, \u00eempreun\u0103 cu propunerile pentru interimari, au fost transmise c\u0103tre Administra\u021bia Preziden\u021bial\u0103 a Rom\u00e2niei.<\/p>\n<p>Social-democra\u021bii au anun\u021bat c\u0103 vor continua s\u0103 sus\u021bin\u0103 \u00een Parlament proiectele esen\u021biale p\u00e2n\u0103 la formarea unui nou guvern.<\/p>\n<p>Pre\u0219edintele a comentat situa\u021bia recent \u00eentr-o declara\u021bie f\u0103cut\u0103 \u00een Cipru, \u00eenaintea particip\u0103rii la Consiliul European. Acesta a precizat c\u0103, dup\u0103 retragerea PSD de la guvernare, \u201etonul discu\u021biilor s-a mai calmat\u201d \u0219i a subliniat c\u0103 dore\u0219te s\u0103 \u00ee\u0219i men\u021bin\u0103 rolul de mediator.<\/p>\n<h2>Posibilitatea unui guvern minoritar<\/h2>\n<p>Dup\u0103 prima rund\u0103 de consult\u0103ri, Nicu\u0219or Dan a declarat c\u0103 nu exclude varianta unui guvern minoritar, subliniind c\u0103 reducerea tensiunilor este esen\u021bial\u0103 pentru reluarea dialogului politic.<\/p>\n<p>La finalul discu\u021biilor anterioare, liderul Uniunea Salva\u021bi Rom\u00e2nia, Dominic Fritz, a transmis c\u0103 forma\u021biunea este deschis\u0103 s\u0103 sus\u021bin\u0103 inclusiv o astfel de variant\u0103. Acesta a precizat c\u0103 sus\u021binerea parlamentar\u0103 va depinde de discu\u021biile ulterioare cu parlamentari neafilia\u021bi sau cu partide mai mici.<\/p>\n<p>Totodat\u0103, Dominic Fritz a men\u021bionat c\u0103 USR nu ia \u00een calcul negocieri formale cu Alian\u021ba pentru Unirea Rom\u00e2nilor (AUR).<\/p>\n<h2>Variante politice analizate de partide<\/h2>\n<p>\u0218i Uniunea Democrat\u0103 Maghiar\u0103 din Rom\u00e2nia a prezentat o posibil\u0103 formul\u0103 de guvernare. Liderul forma\u021biunii, Kelemen Hunor, a declarat c\u0103 exist\u0103 varianta unui guvern minoritar format din PNL, USR, UDMR \u0219i reprezentan\u021bii minorit\u0103\u021bilor na\u021bionale, sus\u021binut de parlamentari individuali.<\/p>\n<p>\u00cen acest context, urm\u0103toarele zile se anun\u021b\u0103 decisive pentru stabilitatea politic\u0103. Noile consult\u0103ri organizate la Palatul Cotroceni ar putea reprezenta un pas important spre identificarea unei solu\u021bii \u0219i dep\u0103\u0219irea blocajului politic actual.<\/p>\n<p>de compromis.<\/p>\n","protected":false},"excerpt":{"rendered":"<p>Pre\u0219edintele Nicu\u0219or Dan preg\u0103te\u0219te o nou\u0103 rund\u0103 de consult\u0103ri la Palatul Cotroceni, \u00eentr-un moment tensionat pe scena politic\u0103. Potrivit informa\u021biilor ap\u0103rute \u00een spa\u021biul public, liderii principalelor partide vor fi invita\u021bi la discu\u021bii \u00een cursul s\u0103pt\u0103m\u00e2nii viitoare, pentru a \u00eencerca deblocarea situa\u021biei politice actuale. Liderii partidelor, chema\u021bi din nou la negocieri Potrivit surselor citate de Antena [&hellip;]<\/p>\n","protected":false},"author":1,"featured_media":22817,"comment_status":"closed","ping_status":"closed","sticky":false,"template":"","format":"standard","meta":{"footnotes":""},"categories":[18],"tags":[],"class_list":["post-23440","post","type-post","status-publish","format-standard","has-post-thumbnail","hentry","category-povesti"],"_links":{"self":[{"href":"https:\/\/bumzi.ro\/index.php?rest_route=\/wp\/v2\/posts\/23440","targetHints":{"allow":["GET"]}}],"collection":[{"href":"https:\/\/bumzi.ro\/index.php?rest_route=\/wp\/v2\/posts"}],"about":[{"href":"https:\/\/bumzi.ro\/index.php?rest_route=\/wp\/v2\/types\/post"}],"author":[{"embeddable":true,"href":"https:\/\/bumzi.ro\/index.php?rest_route=\/wp\/v2\/users\/1"}],"replies":[{"embeddable":true,"href":"https:\/\/bumzi.ro\/index.php?rest_route=%2Fwp%2Fv2%2Fcomments&post=23440"}],"version-history":[{"count":1,"href":"https:\/\/bumzi.ro\/index.php?rest_route=\/wp\/v2\/posts\/23440\/revisions"}],"predecessor-version":[{"id":23441,"href":"https:\/\/bumzi.ro\/index.php?rest_route=\/wp\/v2\/posts\/23440\/revisions\/23441"}],"wp:featuredmedia":[{"embeddable":true,"href":"https:\/\/bumzi.ro\/index.php?rest_route=\/wp\/v2\/media\/22817"}],"wp:attachment":[{"href":"https:\/\/bumzi.ro\/index.php?rest_route=%2Fwp%2Fv2%2Fmedia&parent=23440"}],"wp:term":[{"taxonomy":"category","embeddable":true,"href":"https:\/\/bumzi.ro\/index.php?rest_route=%2Fwp%2Fv2%2Fcategories&post=23440"},{"taxonomy":"post_tag","embeddable":true,"href":"https:\/\/bumzi.ro\/index.php?rest_route=%2Fwp%2Fv2%2Ftags&post=23440"}],"curies":[{"name":"wp","href":"https:\/\/api.w.org\/{rel}","templated":true}]}}