{"id":23572,"date":"2026-04-30T05:47:19","date_gmt":"2026-04-30T05:47:19","guid":{"rendered":"https:\/\/bumzi.ro\/?p=23572"},"modified":"2026-04-30T05:47:19","modified_gmt":"2026-04-30T05:47:19","slug":"bolojan-a-dat-vestea-cea-mare-in-urma-cu-5-minute","status":"publish","type":"post","link":"https:\/\/bumzi.ro\/?p=23572","title":{"rendered":"BOLOJAN A DAT VESTEA CEA MARE \u00ceN URM\u0102 CU 5 MINUTE!"},"content":{"rendered":"<p class=\"first-paragraph-bottom\"><span class=\"first-paragraph\">Obiectivul este clar: s\u0103 fie evitat\u0103 o explozie a facturilor \u00eenaintea iernii urm\u0103toare \u0219i s\u0103 se ofere gospod\u0103riilor previzibilitate.<\/span><\/p>\n<h2>Ce prevede \u201eOrdonan\u021ba Siguran\u021bei Energetice\u201d<\/h2>\n<p>Nucleul interven\u021biei este un plafon ferm pentru consumatorii casnici: pre\u021bul final nu poate dep\u0103\u0219i\u00a0<strong>0,31 lei\/kWh<\/strong>. Regula se aplic\u0103\u00a0<em>retroactiv<\/em>\u00a0de la\u00a0<strong>1 aprilie 2026<\/strong>\u00a0\u0219i r\u0103m\u00e2ne valabil\u0103 p\u00e2n\u0103 la\u00a0<strong>31 martie 2027<\/strong>, indiferent de mi\u0219c\u0103rile pie\u021bei interna\u021bionale sau de presiunile furnizorilor.<\/p>\n<p>Executivul a ajustat \u0219i pre\u021bul de referin\u021b\u0103 la produc\u0103tori, cobor\u00e2ndu-l de la 120 lei\/MWh la\u00a0<strong>110 lei\/MWh<\/strong>, o interven\u021bie menit\u0103 s\u0103 limiteze marjele din sectorul energetic \u0219i s\u0103 protejeze bugetele familiilor. Premierul a punctat c\u0103 statul nu va permite ca liberalizarea pie\u021bei s\u0103 loveasc\u0103 necontrolat \u00een popula\u021bie.<\/p>\n<blockquote><p>\u201eliberalizarea s\u0103 devin\u0103 o povar\u0103 insuportabil\u0103\u201d<\/p><\/blockquote>\n<p>Plafonul este \u00eenso\u021bit de o direc\u021bie politic\u0103 explicit\u0103: echilibrarea c\u00e2ntarului \u00eentre interesele companiilor \u0219i nevoia de protec\u021bie social\u0103 \u00eentr-un an marcat de incertitudini. \u00cen centrul acestui demers st\u0103 ideea de\u00a0<em>predictibilitate total\u0103<\/em>\u00a0pe factura de gaze.<\/p>\n<h2>Cum se aplic\u0103 \u0219i cine beneficiaz\u0103<\/h2>\n<p>Regula se activeaz\u0103\u00a0<strong>automat<\/strong>\u00a0pentru to\u021bi consumatorii casnici \u2013 nu sunt necesare cereri, apeluri sau contracte noi. Aceea\u0219i umbrel\u0103 acoper\u0103 \u0219i o parte din mediul privat:\u00a0<em>\u00eentreprinderile mici \u0219i mijlocii<\/em>\u00a0cu un consum anual sub 50.000 MWh intr\u0103 \u00een schem\u0103, pentru a preveni\u00a0<em>\u201eefectul de domino\u201d<\/em>\u00a0\u00een pre\u021burile bunurilor \u0219i serviciilor de larg consum.<\/p>\n<p>Autorit\u0103\u021bile au transmis notific\u0103rile c\u0103tre institu\u021biile europene, argument\u00e2nd c\u0103 resursele interne de gaze permit o asemenea m\u0103sur\u0103 temporar\u0103 f\u0103r\u0103 a deforma concuren\u021ba. Pe aceast\u0103 linie, Rom\u00e2nia valorific\u0103 o\u00a0<em>independen\u021b\u0103 energetic\u0103 relativ\u0103<\/em>\u00a0pentru a oferi gospod\u0103riilor un an de respiro.<\/p>\n<p>Miza central\u0103 r\u0103m\u00e2ne\u00a0<strong>controlul infla\u021biei<\/strong>. Prin plafonarea costurilor energetice, Guvernul mizeaz\u0103 pe o stabilizare a pre\u021burilor la raft \u0219i pe un spa\u021biu de manevr\u0103 pentru investi\u021bii \u00een sectorul privat, \u00een locul unei simple lupte pentru supravie\u021buire lun\u0103 de lun\u0103.<\/p>\n<p>Speciali\u0219tii atrag totu\u0219i aten\u021bia c\u0103 aceast\u0103 \u00eenghe\u021bare a tarifelor este g\u00e2ndit\u0103 ca un\u00a0<em>r\u0103gaz<\/em>\u00a0\u00eenaintea revenirii la pia\u021ba complet liberalizat\u0103. Intervalul\u00a0<strong>aprilie 2026 \u2013 martie 2027<\/strong>\u00a0func\u021bioneaz\u0103 ca o zon\u0103 de tranzi\u021bie, timp \u00een care institu\u021biile trebuie s\u0103 preg\u0103teasc\u0103 instrumente\u00a0<em>\u021bintite<\/em>\u00a0pentru\u00a0<strong>\u201econsumatorii vulnerabili\u201d<\/strong>. Dup\u0103\u00a0<strong>31 martie 2027<\/strong>,\u00a0<strong>scutul generalizat va disp\u0103rea<\/strong>, iar pre\u021burile vor reflecta din nou raportul dintre cerere \u0219i ofert\u0103.<\/p>\n<p>Pentru public, efectele se vor vedea direct pe documentele de plat\u0103: facturile emise \u00eencep\u00e2nd cu luna aprilie includ noul plafon pe linia de pre\u021b\/kWh, iar regulariz\u0103rile se vor face conform perioadei aplicabile indicat\u0103 pe fiecare factur\u0103.<\/p>\n","protected":false},"excerpt":{"rendered":"<p>Obiectivul este clar: s\u0103 fie evitat\u0103 o explozie a facturilor \u00eenaintea iernii urm\u0103toare \u0219i s\u0103 se ofere gospod\u0103riilor previzibilitate. Ce prevede \u201eOrdonan\u021ba Siguran\u021bei Energetice\u201d Nucleul interven\u021biei este un plafon ferm pentru consumatorii casnici: pre\u021bul final nu poate dep\u0103\u0219i\u00a00,31 lei\/kWh. Regula se aplic\u0103\u00a0retroactiv\u00a0de la\u00a01 aprilie 2026\u00a0\u0219i r\u0103m\u00e2ne valabil\u0103 p\u00e2n\u0103 la\u00a031 martie 2027, indiferent de mi\u0219c\u0103rile pie\u021bei [&hellip;]<\/p>\n","protected":false},"author":1,"featured_media":22818,"comment_status":"closed","ping_status":"closed","sticky":false,"template":"","format":"standard","meta":{"footnotes":""},"categories":[18],"tags":[],"class_list":["post-23572","post","type-post","status-publish","format-standard","has-post-thumbnail","hentry","category-povesti"],"_links":{"self":[{"href":"https:\/\/bumzi.ro\/index.php?rest_route=\/wp\/v2\/posts\/23572","targetHints":{"allow":["GET"]}}],"collection":[{"href":"https:\/\/bumzi.ro\/index.php?rest_route=\/wp\/v2\/posts"}],"about":[{"href":"https:\/\/bumzi.ro\/index.php?rest_route=\/wp\/v2\/types\/post"}],"author":[{"embeddable":true,"href":"https:\/\/bumzi.ro\/index.php?rest_route=\/wp\/v2\/users\/1"}],"replies":[{"embeddable":true,"href":"https:\/\/bumzi.ro\/index.php?rest_route=%2Fwp%2Fv2%2Fcomments&post=23572"}],"version-history":[{"count":1,"href":"https:\/\/bumzi.ro\/index.php?rest_route=\/wp\/v2\/posts\/23572\/revisions"}],"predecessor-version":[{"id":23573,"href":"https:\/\/bumzi.ro\/index.php?rest_route=\/wp\/v2\/posts\/23572\/revisions\/23573"}],"wp:featuredmedia":[{"embeddable":true,"href":"https:\/\/bumzi.ro\/index.php?rest_route=\/wp\/v2\/media\/22818"}],"wp:attachment":[{"href":"https:\/\/bumzi.ro\/index.php?rest_route=%2Fwp%2Fv2%2Fmedia&parent=23572"}],"wp:term":[{"taxonomy":"category","embeddable":true,"href":"https:\/\/bumzi.ro\/index.php?rest_route=%2Fwp%2Fv2%2Fcategories&post=23572"},{"taxonomy":"post_tag","embeddable":true,"href":"https:\/\/bumzi.ro\/index.php?rest_route=%2Fwp%2Fv2%2Ftags&post=23572"}],"curies":[{"name":"wp","href":"https:\/\/api.w.org\/{rel}","templated":true}]}}