{"id":23595,"date":"2026-05-01T05:33:04","date_gmt":"2026-05-01T05:33:04","guid":{"rendered":"https:\/\/bumzi.ro\/?p=23595"},"modified":"2026-05-01T05:33:04","modified_gmt":"2026-05-01T05:33:04","slug":"tragedia-care-a-marcat-viata-lui-dumitru-dragomir","status":"publish","type":"post","link":"https:\/\/bumzi.ro\/?p=23595","title":{"rendered":"Tragedia care a marcat via\u021ba lui Dumitru Dragomir"},"content":{"rendered":"<p>Dumitru Dragomir, fostul pre\u0219edinte de la LPF, a dezv\u0103luit \u00eentr-o emisiune TV momentele cumplite prin care a trecut \u00een urm\u0103 cu mai mul\u021bi ani, c\u00e2nd \u0219i-a pierdut fiul cel mare, Manuel, \u00een somn. T\u00e2n\u0103rul avea doar 18 ani \u0219i era fotbalist la Bra\u0219ov, av\u00e2nd toat\u0103 via\u021ba \u00eenainte. Dumitru Dragomir a vorbit \u00eentr-un mod emo\u021bionant despre aceasta tragedie, exprim\u00e2ndu-\u0219i ne\u00eemplinirea \u0219i durerea pe care o simte \u0219i acum.<\/p>\n<p>\u00cen cadrul emisiunii \u201e40 de \u00eentreb\u0103ri cu Denise Rifai\u201d, fostul pre\u0219edinte al LPF a rememorat clipele groaznice prin care a trecut. El a m\u0103rturisit c\u0103 este imposibil s\u0103 treci prin a\u0219a ceva \u0219i c\u0103 dup\u0103 aceast\u0103 tragedie nu mai po\u021bi fi vreodat\u0103 fericit \u00een via\u021b\u0103.<\/p>\n<p>Dumitru Dragomir a pus \u00eentreb\u0103ri legate de destin \u0219i de existen\u021ba lui Dumnezeu, \u00eentreb\u00e2ndu-se de ce nu a fost \u00een locul fiului s\u0103u, el fiind un p\u0103c\u0103tos. Durerea \u0219i ne\u00eemplinirea lui sunt amplificate de faptul c\u0103 fiul s\u0103u a murit \u00een mod inexplicabil, \u00een somn, \u00eentr-un moment \u00een care Dumitru Dragomir credea c\u0103 acesta era \u00een siguran\u021b\u0103 acas\u0103.<\/p>\n<p>Fostul \u0219ef de la LPF a subliniat faptul c\u0103 fiul s\u0103u era un sportiv de mare performan\u021b\u0103 \u0219i avea control medical s\u0103pt\u0103m\u00e2nal, iar moartea lui de sufocare mecanic\u0103 a fost o tragedie cumplit\u0103 \u0219i inexplicabil\u0103. Dumitru Dragomir a m\u0103rturisit c\u0103 nu se \u00eempac\u0103 \u0219i nu se va \u00eemp\u0103ca niciodat\u0103 cu aceast\u0103 pierdere.<\/p>\n<p>Cu toate acestea, fostul pre\u0219edinte al LPF a men\u021bionat c\u0103 exist\u0103 o compensa\u021bie divin\u0103 dup\u0103 o nenorocire \u0219i c\u0103 Dumnezeu i-a dat doi nepo\u021bi care seam\u0103n\u0103 cu fiul s\u0103u. El recunoa\u0219te c\u0103 este peste puterile lui de a \u00een\u021belege aceast\u0103 fapt\u0103, \u00eens\u0103 \u00eei d\u0103 o anumit\u0103 speran\u021b\u0103 \u0219i alinare \u00een durerea pe care o simte.<\/p>\n<p>Dumitru Dragomir a dezv\u0103luit c\u0103, \u00een urma pierderii fiului s\u0103u, a avut momente \u00een care a vrut s\u0103 se sinucid\u0103. Cu toate acestea, g\u00e2ndurile negre au disp\u0103rut datorit\u0103 faptului c\u0103 are o familie extraordinar\u0103 \u0219i o so\u021bie pe care o consider\u0103 o sf\u00e2nt\u0103. El recunoa\u0219te c\u0103 nu a fost mereu un so\u021b perfect \u0219i c\u0103 a avut o educa\u021bie \u021b\u0103r\u0103neasc\u0103 care l-a f\u0103cut s\u0103 o supere de multe ori pe so\u021bia sa. Cu toate acestea, Dumitru Dragomir consider\u0103 c\u0103 rolul b\u0103rbatului este de a aduce stabilitate \u0219i siguran\u021b\u0103 \u00een familie, iar so\u021bia trebuie s\u0103 aib\u0103 grij\u0103 de educa\u021bia copiilor \u0219i de \u00eentre\u021binerea casei.<\/p>\n<p>\u00cen concluzie, Dumitru Dragomir a dezv\u0103luit \u00eentr-o emisiune TV momentele cumplite prin care a trecut dup\u0103 moartea fiului s\u0103u \u0219i durerea pe care o simte \u0219i acum. Fostul pre\u0219edinte al LPF recunoa\u0219te c\u0103 nu se va \u00eemp\u0103ca niciodat\u0103 cu aceast\u0103 tragedie, \u00eens\u0103 g\u0103se\u0219te un anumit alinare \u00een faptul c\u0103 Dumnezeu i-a dat doi nepo\u021bi care seam\u0103n\u0103 cu fiul s\u0103u. Durerea \u0219i ne\u00eemplinirea lui Dumitru Dragomir sunt amplificate de faptul c\u0103 fiul s\u0103u a murit \u00een mod inexplicabil, iar aceast\u0103 tragedie a avut un impact profund asupra vie\u021bii sale. Cu toate acestea, fostul pre\u0219edinte al LPF a g\u0103sit \u00een familia sa un sprijin \u0219i o surs\u0103 de fericire, recunosc\u00e2nd c\u0103 so\u021bia sa a fost o sf\u00e2nt\u0103 \u0219i c\u0103 copiii lui au fost cumin\u021bi \u0219i l\u0103uda\u021bi de toat\u0103 lumea.<\/p>\n","protected":false},"excerpt":{"rendered":"<p>Dumitru Dragomir, fostul pre\u0219edinte de la LPF, a dezv\u0103luit \u00eentr-o emisiune TV momentele cumplite prin care a trecut \u00een urm\u0103 cu mai mul\u021bi ani, c\u00e2nd \u0219i-a pierdut fiul cel mare, Manuel, \u00een somn. T\u00e2n\u0103rul avea doar 18 ani \u0219i era fotbalist la Bra\u0219ov, av\u00e2nd toat\u0103 via\u021ba \u00eenainte. Dumitru Dragomir a vorbit \u00eentr-un mod emo\u021bionant despre [&hellip;]<\/p>\n","protected":false},"author":1,"featured_media":22818,"comment_status":"closed","ping_status":"closed","sticky":false,"template":"","format":"standard","meta":{"footnotes":""},"categories":[18],"tags":[],"class_list":["post-23595","post","type-post","status-publish","format-standard","has-post-thumbnail","hentry","category-povesti"],"_links":{"self":[{"href":"https:\/\/bumzi.ro\/index.php?rest_route=\/wp\/v2\/posts\/23595","targetHints":{"allow":["GET"]}}],"collection":[{"href":"https:\/\/bumzi.ro\/index.php?rest_route=\/wp\/v2\/posts"}],"about":[{"href":"https:\/\/bumzi.ro\/index.php?rest_route=\/wp\/v2\/types\/post"}],"author":[{"embeddable":true,"href":"https:\/\/bumzi.ro\/index.php?rest_route=\/wp\/v2\/users\/1"}],"replies":[{"embeddable":true,"href":"https:\/\/bumzi.ro\/index.php?rest_route=%2Fwp%2Fv2%2Fcomments&post=23595"}],"version-history":[{"count":1,"href":"https:\/\/bumzi.ro\/index.php?rest_route=\/wp\/v2\/posts\/23595\/revisions"}],"predecessor-version":[{"id":23596,"href":"https:\/\/bumzi.ro\/index.php?rest_route=\/wp\/v2\/posts\/23595\/revisions\/23596"}],"wp:featuredmedia":[{"embeddable":true,"href":"https:\/\/bumzi.ro\/index.php?rest_route=\/wp\/v2\/media\/22818"}],"wp:attachment":[{"href":"https:\/\/bumzi.ro\/index.php?rest_route=%2Fwp%2Fv2%2Fmedia&parent=23595"}],"wp:term":[{"taxonomy":"category","embeddable":true,"href":"https:\/\/bumzi.ro\/index.php?rest_route=%2Fwp%2Fv2%2Fcategories&post=23595"},{"taxonomy":"post_tag","embeddable":true,"href":"https:\/\/bumzi.ro\/index.php?rest_route=%2Fwp%2Fv2%2Ftags&post=23595"}],"curies":[{"name":"wp","href":"https:\/\/api.w.org\/{rel}","templated":true}]}}