{"id":28568,"date":"2026-09-04T05:47:32","date_gmt":"2026-09-04T05:47:32","guid":{"rendered":"https:\/\/bumzi.ro\/?p=28568"},"modified":"2026-09-04T05:47:32","modified_gmt":"2026-09-04T05:47:32","slug":"carmen-serban-este-in-doliu","status":"publish","type":"post","link":"https:\/\/bumzi.ro\/?p=28568","title":{"rendered":"Carmen \u0218erban este \u00een doliu"},"content":{"rendered":"<p class=\"wp-block-paragraph\">Carmen \u0218erban trece prin clipe grele deoarece tat\u0103l ei a decedat ast\u0103zi, dup\u0103 ce a luptat mult\u0103 vreme cu o boal\u0103 care l-a r\u0103pus.<\/p>\n<p class=\"wp-block-paragraph\">Vedeta a publicat un mesaj emo\u021bionant pe re\u021belele de socializare, unde a explicat c\u0103 trece prin momente dureroase, dat fiind c\u0103 tat\u0103l ei s-a stins din via\u021b\u0103.<\/p>\n<p class=\"wp-block-paragraph\">\u201dT\u0103ticul meu, sufletul meu, te voi iubi mereu! S\u0103 ai drum lin \u0219i cu Lumin\u0103 c\u0103tre Cer! Bunul Dumnezeu s\u0103 \u00ee\u021bi odihneasc\u0103 sufletul, c\u0103 de prea mult chin ai avut parte\u201d, a scris Carmen \u0218erban pe Facebook.<\/p>\n<h2 class=\"wp-block-heading\">P\u0103rin\u021bii artistei au \u00eemplinit 50 de ani de la nunt\u0103 \u00een urm\u0103 cu pu\u021bin timp<\/h2>\n<p class=\"wp-block-paragraph\">Cu zece zile \u00een urm\u0103, pe data de 5 septembrie, Carmen \u0218erban era foarte fericit\u0103 \u0219i \u00ee\u0219i anun\u021ba fanii c\u0103 p\u0103rin\u021bii ei \u00eemplineau cincizeci de ani de c\u0103snicie.<\/p>\n<p class=\"wp-block-paragraph\">\u201cAst\u0103zi, 5 septembrie, p\u0103rin\u0163ii mei \u00eemplinesc 50 de ani de c\u0103snicie. O c\u0103snicie de Aur, cum se zice. Le urez p\u0103rin\u0163ilor mei mul\u0163i, mul\u0163i ani \u00eempreun\u0103 de acum \u00eencolo \u015fi mult\u0103, mult\u0103 s\u0103n\u0103tate. M\u00e2ndr\u0103 de ai mei p\u0103rin\u0163i\u201d, este mesajul transmis de Carmen \u015eerban pe Facebook.<\/p>\n","protected":false},"excerpt":{"rendered":"<p>Carmen \u0218erban trece prin clipe grele deoarece tat\u0103l ei a decedat ast\u0103zi, dup\u0103 ce a luptat mult\u0103 vreme cu o boal\u0103 care l-a r\u0103pus. Vedeta a publicat un mesaj emo\u021bionant pe re\u021belele de socializare, unde a explicat c\u0103 trece prin momente dureroase, dat fiind c\u0103 tat\u0103l ei s-a stins din via\u021b\u0103. \u201dT\u0103ticul meu, sufletul meu, [&hellip;]<\/p>\n","protected":false},"author":1,"featured_media":26578,"comment_status":"closed","ping_status":"closed","sticky":false,"template":"","format":"standard","meta":{"footnotes":""},"categories":[1],"tags":[],"class_list":["post-28568","post","type-post","status-publish","format-standard","has-post-thumbnail","hentry","category-diverse"],"_links":{"self":[{"href":"https:\/\/bumzi.ro\/index.php?rest_route=\/wp\/v2\/posts\/28568","targetHints":{"allow":["GET"]}}],"collection":[{"href":"https:\/\/bumzi.ro\/index.php?rest_route=\/wp\/v2\/posts"}],"about":[{"href":"https:\/\/bumzi.ro\/index.php?rest_route=\/wp\/v2\/types\/post"}],"author":[{"embeddable":true,"href":"https:\/\/bumzi.ro\/index.php?rest_route=\/wp\/v2\/users\/1"}],"replies":[{"embeddable":true,"href":"https:\/\/bumzi.ro\/index.php?rest_route=%2Fwp%2Fv2%2Fcomments&post=28568"}],"version-history":[{"count":1,"href":"https:\/\/bumzi.ro\/index.php?rest_route=\/wp\/v2\/posts\/28568\/revisions"}],"predecessor-version":[{"id":28569,"href":"https:\/\/bumzi.ro\/index.php?rest_route=\/wp\/v2\/posts\/28568\/revisions\/28569"}],"wp:featuredmedia":[{"embeddable":true,"href":"https:\/\/bumzi.ro\/index.php?rest_route=\/wp\/v2\/media\/26578"}],"wp:attachment":[{"href":"https:\/\/bumzi.ro\/index.php?rest_route=%2Fwp%2Fv2%2Fmedia&parent=28568"}],"wp:term":[{"taxonomy":"category","embeddable":true,"href":"https:\/\/bumzi.ro\/index.php?rest_route=%2Fwp%2Fv2%2Fcategories&post=28568"},{"taxonomy":"post_tag","embeddable":true,"href":"https:\/\/bumzi.ro\/index.php?rest_route=%2Fwp%2Fv2%2Ftags&post=28568"}],"curies":[{"name":"wp","href":"https:\/\/api.w.org\/{rel}","templated":true}]}}