{"id":3300,"date":"2025-08-07T13:39:24","date_gmt":"2025-08-07T13:39:24","guid":{"rendered":"https:\/\/bumzi.ro\/?p=3300"},"modified":"2025-08-07T13:39:24","modified_gmt":"2025-08-07T13:39:24","slug":"doliu-urias","status":"publish","type":"post","link":"https:\/\/bumzi.ro\/?p=3300","title":{"rendered":"DOLIU URIA\u0218"},"content":{"rendered":"<div class=\"single-header single-header--wide\">Stelu\u0163a Lucia Rodica Coposu a murit la 92 de ani. Sora cea mic\u0103 a lui Corneliu Coposu s-a stins \u00een ziua \u00eenmorm\u00e2nt\u0103rii lui Ion Iliescu, fostul adversar politic al fratelui s\u0103u<\/div>\n<div><\/div>\n<div class=\"clearfix\">\n<div class=\"has-sidebar-300 has-sidebar-right float-l-768\">\n<div class=\"content content--pd-left mg-top-20 relative js-copy-text sda--tnetnoc-elcitra\" data-copy-title=\"Stelu\u0163a Lucia Rodica Coposu a murit la 92 de ani. Sora cea mic\u0103 a lui Corneliu Coposu s-a stins \u00een ziua \u00eenmorm\u00e2nt\u0103rii lui Ion Iliescu, fostul adversar politic al fratelui s\u0103u\"><span id=\"h-sora-fostului-lider-taranist-\u0219i-presedinta-fundatiei-corneliu-coposu-a-murit-la-92-de-ani\" class=\"wp-block-heading\"><span id=\"Sora_fostului_lider_taranist_si_presedinta_Fundatiei_Corneliu_Coposu_a_murit_la_92_de_ani\">Sora fostului lider \u0163\u0103r\u0103nist \u0219i pre\u015fedinta Funda\u0163iei \u201eCorneliu Coposu\u201d a murit la 92 de ani<\/span><\/span>O figur\u0103 discret\u0103, dar esen\u021bial\u0103 pentru memoria democra\u021biei postcomuniste, Stelu\u0163a Coposu s-a stins din via\u021b\u0103 \u00een\u00a0ziua \u00eenmorm\u00e2nt\u0103rii lui Ion Iliescu, fostul adversar politic al fratelui s\u0103u.<\/p>\n<p>\u201eCu sufletul zdrobit de durere, v\u0103 anun\u021b c\u0103 \u00een diminea\u021ba aceasta, doamna pre\u0219edinte a Funda\u021biei Corneliu Coposu, sora cea mai mic\u0103 a Seniorului \u0219i ultima pe linie direct\u0103 din greu \u00eencercata familie Coposu, Stelu\u0163a Lucia Rodica Coposu, a urcat la Cer s\u0103-i \u00eent\u00e2lneasc\u0103 pe to\u021bi cei dragi ai s\u0103i\u201d, a transmis \u201eFunda\u021bia Coposu\u201d, pe\u00a0Facebook, \u00eentr-un mesaj semnat de pre\u0219edintele executiv Ion-Andrei Gherasim.<\/p>\n<p><span id=\"h-o-via\u021ba-dedicata-familiei-\u0219i-valorilor-morale\" class=\"wp-block-heading\"><span id=\"O_viata_dedicata_familiei_si_valorilor_morale\">O via\u021b\u0103 dedicat\u0103 familiei \u0219i valorilor morale<\/span><\/span>N\u0103scut\u0103 pe 26 septembrie 1932 \u00een comuna Bobota, jude\u021bul S\u0103laj, Stelu\u0163a Coposu a fost fiica preotului greco-catolic Valentin Coposu, semnatar al Marii Uniri de la 1918. A urmat un parcurs educa\u021bional remarcabil, cu studii liceale la Alba Iulia \u0219i Bucure\u0219ti, culmin\u00e2nd cu absolvirea Institutului Politehnic din Capital\u0103 \u00een 1956.<\/p>\n<div class=\"paragraph-feed\">\n<div class=\"paragraph-feed__inner \">\n<p>[Image: Ce mesaj a transmis Ioana Izabela Odor, \u201efemeia \u00een rochie albastr\u0103\u201d, b\u0103tut\u0103 de mineri \u00een 1990, dup\u0103 moartea lui Ion Iliescu. Reac\u021bia la care nimeni nu se a\u0219tepta, mai ales \u00een aceste momente. \u201ePoporul l-a ales\u201d]<\/p>\n<div class=\"paragraph-feed__article-title\"><span class=\"rro-feed-js--title\">Ce mesaj a transmis Ioana Izabela Odor, \u201efemeia \u00een rochie albastr\u0103\u201d, b\u0103tut\u0103 de mineri \u00een 1990, dup\u0103 moartea lui Ion Iliescu. Reac\u021bia la care nimeni nu se a\u0219tepta, mai ales \u00een aceste momente. \u201ePoporul l-a ales\u201d<\/span><\/p>\n<div class=\"paragraph-feed__category rro-feed-js--cat\">Recomandarea zilei<mark class=\"has-inline-color has-vivid-red-color\"><\/mark><\/div>\n<div><\/div>\n<\/div>\n<\/div>\n<\/div>\n<div class=\"paragraph-feed\">\n<div class=\"paragraph-feed__inner \">\n<div class=\"paragraph-feed__article-title\"><span class=\"rro-feed-js--title\">Detalii ne\u0219tiute p\u00e2n\u0103 acum ies la iveal\u0103 despre Mihai Bujor Sion, fiul de suflet al lui Ion Iliescu. A fost c\u0103s\u0103torit 20 de ani cu o celebr\u0103 actri\u021b\u0103 din Rom\u00e2nia, iar acum are o rela\u021bie discret\u0103 cu un fost fotomodel. Ce s-a mai aflat acum despre misteriosul b\u0103rbat<\/span><\/p>\n<div class=\"paragraph-feed__category rro-feed-js--cat\">Recomandarea zilei<mark class=\"has-inline-color has-vivid-red-color\"><\/mark><\/div>\n<\/div>\n<\/div>\n<\/div>\n<p>Timp de peste trei decenii, a lucrat ca inginer la Institutul de Studii \u0219i Proiect\u0103ri Energetice din Bucure\u0219ti. Departe de luminile scenei politice, \u0219i-a dedicat via\u021ba sprijinirii familiei \u0219i p\u0103str\u0103rii memoriei fratelui s\u0103u, Corneliu Coposu.<\/p>\n<p><span id=\"h-legatura-cu-seniorul-\u0219i-mo\u0219tenirea-sa\" class=\"wp-block-heading\"><span id=\"Legatura_cu_Seniorul_si_mostenirea_sa\">Leg\u0103tura cu \u201eSeniorul\u201d \u0219i mo\u0219tenirea sa<\/span><\/span>Dup\u0103 moartea lui Corneliu Coposu \u00een 1995, Stelu\u0163a, \u00eempreun\u0103 cu sora sa Flavia B\u0103lescu-Coposu, a fondat Funda\u021bia \u201eCorneliu Coposu\u201d \u00een 1996, cu scopul de a promova valorile democratice \u0219i morale pentru care fratele lor a luptat. A fost pre\u0219edinta funda\u021biei p\u00e2n\u0103 la finalul vie\u021bii, implic\u00e2ndu-se activ \u00een organizarea de concursuri, conferin\u021be \u0219i proiecte educa\u021bionale.<\/p>\n<p>\u00cen 2009, a fost decorat\u0103 de Majestatea Sa Regele Mihai I cu Crucea Casei Regale a Rom\u00e2niei, \u00een semn de recunoa\u0219tere pentru devotamentul s\u0103u civic \u0219i moral.<\/p>\n<p>\u201eGenerozitatea a mo\u0219tenit-o de la mama, toleran\u021ba \u0219i dragostea de oameni de la Cornel, spiritul de dreptate de la tata \u0219i de la Doina\u2026 calit\u0103\u021bi pe care nu le-a p\u0103strat pentru ea, ci le-a d\u0103ruit celor ce aveau nevoie.\u201d \u2014 Flavia B\u0103lescu-Coposu<\/p>\n<p><span id=\"h-corneliu-coposu-un-destin-de-martir\" class=\"wp-block-heading\"><span id=\"Corneliu_Coposu_un_destin_de_martir\">Corneliu Coposu: un destin de martir<\/span><\/span>Corneliu Coposu, n\u0103scut \u00een 1914 la Bobota, a fost jurist, ziarist \u0219i apropiat al lui Iuliu Maniu. A fost arestat \u00een 1947 \u0219i a petrecut 17 ani \u00een \u00eenchisorile comuniste, inclusiv la Aiud, Gherla \u0219i R\u00e2mnicu S\u0103rat. Dup\u0103 eliberare, a fost urm\u0103rit constant de Securitate, dar a continuat s\u0103 militeze pentru democra\u021bie.<\/p>\n<p>Dup\u0103 Revolu\u021bia din 1989, a re\u00eenfiin\u021bat Partidul Na\u021bional \u021a\u0103r\u0103nesc sub forma PN\u021aCD \u0219i a devenit liderul Conven\u021biei Democrate. A murit pe 11 noiembrie 1995, fiind \u00eenmorm\u00e2ntat la Cimitirul Bellu Catolic din Bucure\u0219ti.<\/p>\n<\/div>\n<\/div>\n<\/div>\n","protected":false},"excerpt":{"rendered":"<p>Stelu\u0163a Lucia Rodica Coposu a murit la 92 de ani. Sora cea mic\u0103 a lui Corneliu Coposu s-a stins \u00een ziua \u00eenmorm\u00e2nt\u0103rii lui Ion Iliescu, fostul adversar politic al fratelui s\u0103u Sora fostului lider \u0163\u0103r\u0103nist \u0219i pre\u015fedinta Funda\u0163iei \u201eCorneliu Coposu\u201d a murit la 92 de aniO figur\u0103 discret\u0103, dar esen\u021bial\u0103 pentru memoria democra\u021biei postcomuniste, Stelu\u0163a [&hellip;]<\/p>\n","protected":false},"author":1,"featured_media":2457,"comment_status":"closed","ping_status":"closed","sticky":false,"template":"","format":"standard","meta":{"footnotes":""},"categories":[7],"tags":[],"class_list":["post-3300","post","type-post","status-publish","format-standard","has-post-thumbnail","hentry","category-stiri"],"_links":{"self":[{"href":"https:\/\/bumzi.ro\/index.php?rest_route=\/wp\/v2\/posts\/3300","targetHints":{"allow":["GET"]}}],"collection":[{"href":"https:\/\/bumzi.ro\/index.php?rest_route=\/wp\/v2\/posts"}],"about":[{"href":"https:\/\/bumzi.ro\/index.php?rest_route=\/wp\/v2\/types\/post"}],"author":[{"embeddable":true,"href":"https:\/\/bumzi.ro\/index.php?rest_route=\/wp\/v2\/users\/1"}],"replies":[{"embeddable":true,"href":"https:\/\/bumzi.ro\/index.php?rest_route=%2Fwp%2Fv2%2Fcomments&post=3300"}],"version-history":[{"count":1,"href":"https:\/\/bumzi.ro\/index.php?rest_route=\/wp\/v2\/posts\/3300\/revisions"}],"predecessor-version":[{"id":3301,"href":"https:\/\/bumzi.ro\/index.php?rest_route=\/wp\/v2\/posts\/3300\/revisions\/3301"}],"wp:featuredmedia":[{"embeddable":true,"href":"https:\/\/bumzi.ro\/index.php?rest_route=\/wp\/v2\/media\/2457"}],"wp:attachment":[{"href":"https:\/\/bumzi.ro\/index.php?rest_route=%2Fwp%2Fv2%2Fmedia&parent=3300"}],"wp:term":[{"taxonomy":"category","embeddable":true,"href":"https:\/\/bumzi.ro\/index.php?rest_route=%2Fwp%2Fv2%2Fcategories&post=3300"},{"taxonomy":"post_tag","embeddable":true,"href":"https:\/\/bumzi.ro\/index.php?rest_route=%2Fwp%2Fv2%2Ftags&post=3300"}],"curies":[{"name":"wp","href":"https:\/\/api.w.org\/{rel}","templated":true}]}}