{"id":3475,"date":"2025-08-09T04:48:58","date_gmt":"2025-08-09T04:48:58","guid":{"rendered":"https:\/\/bumzi.ro\/?p=3475"},"modified":"2025-08-09T04:48:58","modified_gmt":"2025-08-09T04:48:58","slug":"natasa-raab-distrusa-de-tragedie","status":"publish","type":"post","link":"https:\/\/bumzi.ro\/?p=3475","title":{"rendered":"Nata\u0219a Raab, distrus\u0103 de tragedie"},"content":{"rendered":"<p>Nata\u0219a Raab, una dintre cele mai iubite actri\u021be, trece printr-o dram\u0103 profund\u0103, de care pu\u021bini oameni sunt con\u0219tien\u021bi. Fratele s\u0103u a fost r\u0103pus de aceea\u0219i boal\u0103 care i-a luat so\u021bul.<\/p>\n<p>Aceast\u0103 revela\u021bie a adus durere \u0219i triste\u021be \u00een via\u021ba talentatei actri\u021be, care este cunoscut\u0103 pentru personalitatea sa \u0219i pentru talentul s\u0103u remarcabil.<\/p>\n<p>Sub titlul \u201cDrama prin care trece Nata\u0219a Raab\u201d, articolul \u00eencepe prin a eviden\u021bia faptul c\u0103 via\u021ba actri\u021bei a fost lovit\u0103 de nenum\u0103rate momente dificile. Descoperirea faptului c\u0103 fratele ei a pierdut lupta cu aceea\u0219i boal\u0103 care i-a luat \u0219i so\u021bul a declan\u0219at o suferin\u021b\u0103 profund\u0103 \u00een sufletul Nata\u0219ei Raab.<\/p>\n<p>Aceast\u0103 \u00eent\u00e2mplare tragic\u0103 a ad\u0103ugat \u0219i mai mult\u0103 greutate \u00een via\u021ba deja complicat\u0103 a actri\u021bei.<\/p>\n<p>Articolul continu\u0103 prin a men\u021biona c\u0103 Nata\u0219a Raab este supranumit\u0103 \u201cCoana Chiva\u201d, iar aceast\u0103 porecl\u0103 devine \u0219i mai semnificativ\u0103 \u00een momentul \u00een care afl\u0103m despre drama prin care trece.<\/p>\n<p>Actri\u021ba \u00ee\u0219i deschide inima \u0219i vorbe\u0219te despre devastarea pe care o simte \u00een fiecare zi dup\u0103 pierderea so\u021bului s\u0103u. Val Gu\u021bul, un medic renumit, a fost r\u0103pus de cancer acum doi ani, iar acest eveniment tragic a deschis por\u021bile unui lung \u0219i greu proces de vindecare pentru Nata\u0219a Raab.<\/p>\n<p>Cu toate acestea, via\u021ba nu \u00eenceteaz\u0103 s\u0103 aduc\u0103 provoc\u0103ri \u00een calea actri\u021bei. \u00cen urm\u0103 cu o lun\u0103, Nata\u0219a Raab a primit o alt\u0103 lovitur\u0103 devastatoare: vestea c\u0103 fratele s\u0103u, cel pe care \u00eel iube\u0219te \u0219i \u00eel sus\u021bine necondi\u021bionat, a pierdut lupta cu aceea\u0219i boal\u0103.<\/p>\n<p>Aceast\u0103 nou\u0103 dram\u0103 a ad\u00e2ncit suferin\u021ba Nata\u0219ei Raab \u0219i a pus-o \u00een fa\u021ba unei realit\u0103\u021bi dureroase. Articolul subliniaz\u0103 faptul c\u0103 aceste evenimente triste \u0219i grele au provocat o puternic\u0103 emo\u021bional\u0103 \u00een actri\u021b\u0103, dar \u0219i \u00een ceilal\u021bi oameni care o iubesc \u0219i o admir\u0103.<\/p>\n<p>Articolul nu se \u00eencheie cu o concluzie formal\u0103 sau cu o sec\u021biune intitulat\u0103 \u201cconcluzie\u201d. \u00cen schimb, el las\u0103 cititorii cu o \u00een\u021belegere profund\u0103 a dramei prin care trece Nata\u0219a Raab \u0219i cu o dorin\u021b\u0103 de a-i oferi sprijin \u0219i \u00eencurajare \u00een aceste vremuri dificile.<\/p>\n","protected":false},"excerpt":{"rendered":"<p>Nata\u0219a Raab, una dintre cele mai iubite actri\u021be, trece printr-o dram\u0103 profund\u0103, de care pu\u021bini oameni sunt con\u0219tien\u021bi. Fratele s\u0103u a fost r\u0103pus de aceea\u0219i boal\u0103 care i-a luat so\u021bul. Aceast\u0103 revela\u021bie a adus durere \u0219i triste\u021be \u00een via\u021ba talentatei actri\u021be, care este cunoscut\u0103 pentru personalitatea sa \u0219i pentru talentul s\u0103u remarcabil. Sub titlul \u201cDrama [&hellip;]<\/p>\n","protected":false},"author":1,"featured_media":3314,"comment_status":"closed","ping_status":"closed","sticky":false,"template":"","format":"standard","meta":{"footnotes":""},"categories":[7],"tags":[],"class_list":["post-3475","post","type-post","status-publish","format-standard","has-post-thumbnail","hentry","category-stiri"],"_links":{"self":[{"href":"https:\/\/bumzi.ro\/index.php?rest_route=\/wp\/v2\/posts\/3475","targetHints":{"allow":["GET"]}}],"collection":[{"href":"https:\/\/bumzi.ro\/index.php?rest_route=\/wp\/v2\/posts"}],"about":[{"href":"https:\/\/bumzi.ro\/index.php?rest_route=\/wp\/v2\/types\/post"}],"author":[{"embeddable":true,"href":"https:\/\/bumzi.ro\/index.php?rest_route=\/wp\/v2\/users\/1"}],"replies":[{"embeddable":true,"href":"https:\/\/bumzi.ro\/index.php?rest_route=%2Fwp%2Fv2%2Fcomments&post=3475"}],"version-history":[{"count":1,"href":"https:\/\/bumzi.ro\/index.php?rest_route=\/wp\/v2\/posts\/3475\/revisions"}],"predecessor-version":[{"id":3476,"href":"https:\/\/bumzi.ro\/index.php?rest_route=\/wp\/v2\/posts\/3475\/revisions\/3476"}],"wp:featuredmedia":[{"embeddable":true,"href":"https:\/\/bumzi.ro\/index.php?rest_route=\/wp\/v2\/media\/3314"}],"wp:attachment":[{"href":"https:\/\/bumzi.ro\/index.php?rest_route=%2Fwp%2Fv2%2Fmedia&parent=3475"}],"wp:term":[{"taxonomy":"category","embeddable":true,"href":"https:\/\/bumzi.ro\/index.php?rest_route=%2Fwp%2Fv2%2Fcategories&post=3475"},{"taxonomy":"post_tag","embeddable":true,"href":"https:\/\/bumzi.ro\/index.php?rest_route=%2Fwp%2Fv2%2Ftags&post=3475"}],"curies":[{"name":"wp","href":"https:\/\/api.w.org\/{rel}","templated":true}]}}