{"id":3713,"date":"2025-08-11T10:07:23","date_gmt":"2025-08-11T10:07:23","guid":{"rendered":"https:\/\/bumzi.ro\/?p=3713"},"modified":"2025-08-11T10:07:23","modified_gmt":"2025-08-11T10:07:23","slug":"gabriela-cristea-marturisiri-emotionante","status":"publish","type":"post","link":"https:\/\/bumzi.ro\/?p=3713","title":{"rendered":"Gabriela Cristea, m\u0103rturisiri emo\u021bionante"},"content":{"rendered":"<p>Gabriela Cristea, una dintre cele mai \u00eendr\u0103gite prezentatoare TV din Rom\u00e2nia, a vorbit deschis, dup\u0103 mul\u021bi ani, despre unul dintre cele mai dureroase momente din via\u021ba sa: pierderea mamei. Vedeta \u0219i-a pierdut mama \u00een urm\u0103 cu aproximativ 14 ani, \u00eens\u0103 modul \u00een care a ales s\u0103 \u00eei aduc\u0103 un ultim omagiu a st\u00e2rnit, la vremea respectiv\u0103, discu\u021bii intense.<\/p>\n<p>\u00cen cadrul emisiunii\u00a0<strong>Fresh by Unica<\/strong>, Gabriela a explicat de ce nu a participat la \u00eenmorm\u00e2ntarea mamei sale, subliniind c\u0103 respectul \u0219i iubirea nu trebuie demonstrate \u00een mod public.<\/p>\n<blockquote class=\"wp-block-quote is-layout-flow wp-block-quote-is-layout-flow\"><p>\u201eNu trebuie s\u0103 mergi \u0219i s\u0103 faci parte din corul bocitoarelor ca s\u0103 onorezi pe cineva. Eu am dialog cu mama mea, iar acesta nu s-a \u00eentrerupt niciodat\u0103, chiar dac\u0103 ea nu mai este printre noi\u201d, a spus vedeta.<\/p><\/blockquote>\n<h3 class=\"wp-block-heading\">O decizie personal\u0103, luat\u0103 sub presiune<\/h3>\n<p>Nu este pentru prima dat\u0103 c\u00e2nd Gabriela abordeaz\u0103 subiectul. \u00centr-o interven\u021bie la\u00a0<strong>Acces Direct<\/strong>, prezentatoarea TV a m\u0103rturisit c\u0103 momentul a fost unul extrem de dificil \u0219i c\u0103 a sim\u021bit o presiune enorm\u0103. Totu\u0219i, a preferat s\u0103 tr\u0103iasc\u0103 durerea \u00een intimitate, departe de ochii presei \u0219i ai curio\u0219ilor.<\/p>\n<blockquote class=\"wp-block-quote is-layout-flow wp-block-quote-is-layout-flow\"><p>\u201eA fost o presiune foarte mare pentru mine\u2026 Mi se par prea intime aceste lucruri ca s\u0103 le \u00eemp\u0103rt\u0103\u0219esc public\u201d, a declarat Gabriela Cristea, citat\u0103 de Libertatea.<\/p><\/blockquote>\n<h3 class=\"wp-block-heading\">Leg\u0103tura care continu\u0103 dincolo de via\u021b\u0103<\/h3>\n<p>Pentru Gabriela, pierderea mamei nu a \u00eensemnat \u0219i ruperea leg\u0103turii suflete\u0219ti. Ea spune c\u0103 simte \u00een continuare prezen\u021ba acesteia \u00een via\u021ba sa, iar dialogul dintre ele nu s-a \u00eencheiat niciodat\u0103. Este o rela\u021bie bazat\u0103 pe amintiri, pe iubire \u0219i pe un respect profund, care nu are nevoie de validare public\u0103.<\/p>\n<p>Mesajul s\u0103u este unul puternic: fiecare persoan\u0103 \u00ee\u0219i tr\u0103ie\u0219te doliul \u00een felul s\u0103u, iar respectul pentru cei pleca\u021bi nu trebuie s\u0103 fie un spectacol.<\/p>\n","protected":false},"excerpt":{"rendered":"<p>Gabriela Cristea, una dintre cele mai \u00eendr\u0103gite prezentatoare TV din Rom\u00e2nia, a vorbit deschis, dup\u0103 mul\u021bi ani, despre unul dintre cele mai dureroase momente din via\u021ba sa: pierderea mamei. Vedeta \u0219i-a pierdut mama \u00een urm\u0103 cu aproximativ 14 ani, \u00eens\u0103 modul \u00een care a ales s\u0103 \u00eei aduc\u0103 un ultim omagiu a st\u00e2rnit, la vremea [&hellip;]<\/p>\n","protected":false},"author":1,"featured_media":3314,"comment_status":"closed","ping_status":"closed","sticky":false,"template":"","format":"standard","meta":{"footnotes":""},"categories":[7],"tags":[],"class_list":["post-3713","post","type-post","status-publish","format-standard","has-post-thumbnail","hentry","category-stiri"],"_links":{"self":[{"href":"https:\/\/bumzi.ro\/index.php?rest_route=\/wp\/v2\/posts\/3713","targetHints":{"allow":["GET"]}}],"collection":[{"href":"https:\/\/bumzi.ro\/index.php?rest_route=\/wp\/v2\/posts"}],"about":[{"href":"https:\/\/bumzi.ro\/index.php?rest_route=\/wp\/v2\/types\/post"}],"author":[{"embeddable":true,"href":"https:\/\/bumzi.ro\/index.php?rest_route=\/wp\/v2\/users\/1"}],"replies":[{"embeddable":true,"href":"https:\/\/bumzi.ro\/index.php?rest_route=%2Fwp%2Fv2%2Fcomments&post=3713"}],"version-history":[{"count":1,"href":"https:\/\/bumzi.ro\/index.php?rest_route=\/wp\/v2\/posts\/3713\/revisions"}],"predecessor-version":[{"id":3714,"href":"https:\/\/bumzi.ro\/index.php?rest_route=\/wp\/v2\/posts\/3713\/revisions\/3714"}],"wp:featuredmedia":[{"embeddable":true,"href":"https:\/\/bumzi.ro\/index.php?rest_route=\/wp\/v2\/media\/3314"}],"wp:attachment":[{"href":"https:\/\/bumzi.ro\/index.php?rest_route=%2Fwp%2Fv2%2Fmedia&parent=3713"}],"wp:term":[{"taxonomy":"category","embeddable":true,"href":"https:\/\/bumzi.ro\/index.php?rest_route=%2Fwp%2Fv2%2Fcategories&post=3713"},{"taxonomy":"post_tag","embeddable":true,"href":"https:\/\/bumzi.ro\/index.php?rest_route=%2Fwp%2Fv2%2Ftags&post=3713"}],"curies":[{"name":"wp","href":"https:\/\/api.w.org\/{rel}","templated":true}]}}