{"id":3975,"date":"2025-08-13T14:03:55","date_gmt":"2025-08-13T14:03:55","guid":{"rendered":"https:\/\/bumzi.ro\/?p=3975"},"modified":"2025-08-13T14:03:55","modified_gmt":"2025-08-13T14:03:55","slug":"calin-georgescu-revine","status":"publish","type":"post","link":"https:\/\/bumzi.ro\/?p=3975","title":{"rendered":"Calin Georgescu revine"},"content":{"rendered":"<p><em><strong>Afaceristul Sorin Ovidiu V\u00eentu a lansat un apel public c\u0103tre C\u0103lin Georgescu, pe care \u00eel vrea din nou activ \u00een politic\u0103 \u0219i chiar candidat la pre\u0219edin\u021bie. Mesajul a fost transmis \u00eentr-o postare pe TikTok, \u00een care V\u00eentu a anun\u021bat c\u0103, \u00een luna septembrie, va lansa mi\u0219carea politic\u0103 \u201eRO EXIT\u201d, forma\u021biune al c\u0103rei obiectiv declarat este ie\u0219irea Rom\u00e2niei din Uniunea European\u0103.<\/strong><\/em><\/p>\n<p>\u00cen mesajul s\u0103u, Sorin Ovidiu V\u00eentu l-a descris pe C\u0103lin Georgescu drept \u201esimbolul demnit\u0103\u021bii rom\u00e2ne\u0219ti\u201d \u0219i \u201eo \u0219ans\u0103 real\u0103 pentru Rom\u00e2nia\u201d. Afaceristul a subliniat c\u0103 \u00eel va sprijini necondi\u021bionat dac\u0103 va decide s\u0103 revin\u0103 pe scena politic\u0103, pun\u00e2ndu-i la dispozi\u021bie toate resursele necesare pentru a reu\u0219i.<\/p>\n<p>\u201eDomnule C\u0103lin Georgescu, \u00eentoarce-te \u00een politic\u0103, aici este locul dumitale. Din tot ce am f\u0103cut \u00een 35 de ani, dumneata reprezin\u021bi cu adev\u0103rat o \u0219ans\u0103 pentru Rom\u00e2nia. Ai ar\u0103tat fiec\u0103rui rom\u00e2n \u00een parte c\u0103 are de ce s\u0103 fie m\u00e2ndru. Nu e\u0219ti un om crescut pe strad\u0103, nu e\u0219ti un derbedeu, ci un om de bun\u0103 credin\u021b\u0103, cu o via\u021b\u0103 spiritual\u0103 puternic\u0103, crescut \u00eentre popi, nu \u00een mahala\u201d, a spus V\u00eentu.<\/p>\n<h2>Critici \u0219i aprecieri \u00een acela\u0219i timp<\/h2>\n<p>V\u00eentu nu a evitat s\u0103 \u00eei eviden\u021bieze \u0219i punctele slabe lui Georgescu, afirm\u00e2nd c\u0103 acesta \u201enu \u0219tie multe lucruri din economie sau finan\u021be\u201d \u0219i c\u0103 de\u021bine doar \u201efr\u00e2nturi de informa\u021bii\u201d despre domeniile cheie ale unei campanii politice. Cu toate acestea, afaceristul sus\u021bine c\u0103 \u00eel respect\u0103 profund \u0219i c\u0103 vede \u00een el un lider autentic, cu principii solide.<\/p>\n<p>\u201eConceptul cu care a venit \u2013 ap\u0103, hran\u0103, energie \u2013 este formidabil. Este cartea de supravie\u021buire a fiec\u0103rei na\u021biuni. Ai nevoie de ap\u0103 pentru industrie, de hran\u0103 pentru agricultur\u0103 \u0219i de energie pentru orice activitate. Din p\u0103cate, nu a \u0219tiut s\u0103 dezvolte aceste idei, motiv pentru care unii \u0219i-au b\u0103tut joc de el. \u00cei voi pune la dispozi\u021bie tot ce are nevoie dac\u0103 va ajunge pre\u0219edinte\u201d, a afirmat V\u00eentu.<\/p>\n<p>Afaceristul a insistat asupra faptului c\u0103, din punct de vedere profesional, are rezerve fa\u021b\u0103 de experien\u021ba lui Georgescu, dar c\u0103 acest lucru nu \u00eel \u00eempiedic\u0103 s\u0103 \u00eel considere omul potrivit pentru a conduce Rom\u00e2nia. \u201eRepet, din punct de vedere profesional nu am aceea\u0219i apreciere, dar \u00eei voi pune la dispozi\u021bie tot ce are nevoie ca s\u0103 izbuteasc\u0103. Domnule C\u0103lin Georgescu, \u00eentoarce-te \u00een politic\u0103, aici este locul dumitale!\u201d, a declarat V\u00eentu.<\/p>\n<blockquote id=\"v83628795282135000\" class=\"tiktok-embed\" cite=\"https:\/\/www.tiktok.com\/@sorin.ovidiu.vintu\/video\/7536226233890262294\" data-video-id=\"7536226233890262294\"><p><iframe src=\"https:\/\/www.tiktok.com\/embed\/v2\/7536226233890262294?lang=en-US&amp;referrer=https%3A%2F%2Fredactia.ro%2Fcalin-georgescu-chemat-inapoi-in-politica-de-sorin-ovidiu-vintu-afaceristul-anunta-sprijin-total-pentru-miscarea-ro-exit-408896%3Futm_source%3DFacebook%26utm_medium%3Dtony%26utm_campaign%3Dtonyfb%26utm_term%3Darticoltony%26fbclid%3DIwY2xjawMJeoFleHRuA2FlbQIxMABicmlkETBpTHZnSGpYNXBQYUdSZlA5AR5eCxKniTU_5hrnRAmT4Wm7Df4RH4KSwJp-nLlw-9A9KOKpFdCq2V-Hl6_FMg_aem_FK5QT_an06IOdMuZQkgYVA\" name=\"__tt_embed__v83628795282135000\" sandbox=\"allow-popups allow-popups-to-escape-sandbox allow-scripts allow-top-navigation allow-same-origin\" data-mce-fragment=\"1\"><\/iframe><\/p><\/blockquote>\n<h2>\u201eRO EXIT\u201d, un proiect controversat<\/h2>\n<p>Noua mi\u0219care politic\u0103 anun\u021bat\u0103 de Sorin Ovidiu V\u00eentu \u2013 \u201eRO EXIT\u201d \u2013 se anun\u021b\u0103 deja extrem de controversat\u0103 prin scopul s\u0103u principal: retragerea Rom\u00e2niei din Uniunea European\u0103. Lansarea oficial\u0103 ar urma s\u0103 aib\u0103 loc \u00een luna septembrie, iar implicarea lui C\u0103lin Georgescu ar putea reprezenta, \u00een viziunea lui V\u00eentu, un catalizator pentru atragerea sus\u021bin\u0103torilor acestui proiect.<\/p>\n<p>Prin acest apel public, afaceristul \u00ee\u0219i reafirm\u0103 inten\u021bia de a influen\u021ba scena politic\u0103 \u0219i de a aduce \u00een prim-plan figuri pe care le consider\u0103 capabile s\u0103 produc\u0103 o schimbare radical\u0103 \u00een direc\u021bia \u021b\u0103rii. R\u0103m\u00e2ne de v\u0103zut dac\u0103 C\u0103lin Georgescu va accepta invita\u021bia \u0219i dac\u0103 \u201eRO EXIT\u201d va reu\u0219i s\u0103 devin\u0103 mai mult dec\u00e2t o ini\u021biativ\u0103 mediatic\u0103.<\/p>\n","protected":false},"excerpt":{"rendered":"<p>Afaceristul Sorin Ovidiu V\u00eentu a lansat un apel public c\u0103tre C\u0103lin Georgescu, pe care \u00eel vrea din nou activ \u00een politic\u0103 \u0219i chiar candidat la pre\u0219edin\u021bie. Mesajul a fost transmis \u00eentr-o postare pe TikTok, \u00een care V\u00eentu a anun\u021bat c\u0103, \u00een luna septembrie, va lansa mi\u0219carea politic\u0103 \u201eRO EXIT\u201d, forma\u021biune al c\u0103rei obiectiv declarat este [&hellip;]<\/p>\n","protected":false},"author":1,"featured_media":3976,"comment_status":"closed","ping_status":"closed","sticky":false,"template":"","format":"standard","meta":{"footnotes":""},"categories":[7],"tags":[],"class_list":["post-3975","post","type-post","status-publish","format-standard","has-post-thumbnail","hentry","category-stiri"],"_links":{"self":[{"href":"https:\/\/bumzi.ro\/index.php?rest_route=\/wp\/v2\/posts\/3975","targetHints":{"allow":["GET"]}}],"collection":[{"href":"https:\/\/bumzi.ro\/index.php?rest_route=\/wp\/v2\/posts"}],"about":[{"href":"https:\/\/bumzi.ro\/index.php?rest_route=\/wp\/v2\/types\/post"}],"author":[{"embeddable":true,"href":"https:\/\/bumzi.ro\/index.php?rest_route=\/wp\/v2\/users\/1"}],"replies":[{"embeddable":true,"href":"https:\/\/bumzi.ro\/index.php?rest_route=%2Fwp%2Fv2%2Fcomments&post=3975"}],"version-history":[{"count":1,"href":"https:\/\/bumzi.ro\/index.php?rest_route=\/wp\/v2\/posts\/3975\/revisions"}],"predecessor-version":[{"id":3977,"href":"https:\/\/bumzi.ro\/index.php?rest_route=\/wp\/v2\/posts\/3975\/revisions\/3977"}],"wp:featuredmedia":[{"embeddable":true,"href":"https:\/\/bumzi.ro\/index.php?rest_route=\/wp\/v2\/media\/3976"}],"wp:attachment":[{"href":"https:\/\/bumzi.ro\/index.php?rest_route=%2Fwp%2Fv2%2Fmedia&parent=3975"}],"wp:term":[{"taxonomy":"category","embeddable":true,"href":"https:\/\/bumzi.ro\/index.php?rest_route=%2Fwp%2Fv2%2Fcategories&post=3975"},{"taxonomy":"post_tag","embeddable":true,"href":"https:\/\/bumzi.ro\/index.php?rest_route=%2Fwp%2Fv2%2Ftags&post=3975"}],"curies":[{"name":"wp","href":"https:\/\/api.w.org\/{rel}","templated":true}]}}