{"id":4641,"date":"2025-08-20T10:13:23","date_gmt":"2025-08-20T10:13:23","guid":{"rendered":"https:\/\/bumzi.ro\/?p=4641"},"modified":"2025-08-20T10:13:23","modified_gmt":"2025-08-20T10:13:23","slug":"cutremur-pe-scena-politica","status":"publish","type":"post","link":"https:\/\/bumzi.ro\/?p=4641","title":{"rendered":"Cutremur pe scena politic\u0103"},"content":{"rendered":"<p>Este un mare protest la geamul Ministerului Mediului, iar oamenii din Federa\u021bia Sindicatelor din Silvicultur\u0103 Silva sunt nemul\u021bumi\u021bi de ministra Diana Buzoianu. Feder\u021bia a organizat miercuri un protest \u00een fa\u021ba Ministerului Mediului, Apelor \u0219i P\u0103durilor, \u00eentre orele 10:00 \u0219i 14:00. Silvicultorii \u0219i-au exprimat nemul\u021bumirea fa\u021b\u0103 de proiectul privind reorganizarea Regiei Na\u021bionale a P\u0103durilor Romsilva, despre care sus\u021bin c\u0103 a fost elaborat f\u0103r\u0103 studii de impact \u0219i con\u021bine numeroase erori juridice \u0219i administrative, conform\u00a0<a href=\"https:\/\/www.digi24.ro\/\" target=\"_blank\" rel=\"noopener\">Digi24.<\/a><\/p>\n<h2>Silvicultorii avertizeaz\u0103 asupra riscurilor reorganiz\u0103rii<\/h2>\n<p>\u00centr-un comunicat transmis public, Federa\u021bia Silva a acuzat lipsa de dialog din partea autorit\u0103\u021bilor \u0219i a subliniat consecin\u021bele grave pe care le-ar putea avea reorganizarea Romsilva. Oamenii nu sunt mul\u021bumi\u021bi de noul ministru \u0219i protestele se anun\u021b\u0103 ample, iar o decizie \u00een acest sens ar putea fi luat\u0103 de Diana Buzoianu dac\u0103 se va pune problema de mari presiuni \u0219i nerezolvarea nemul\u021bumirilor.<\/p>\n<p>\u201eMinisterul care r\u0103spunde de p\u0103duri refuz\u0103 s\u0103 asculte opiniile profesioni\u015ftilor din silvicultur\u0103 \u015fi sus\u0163ine un proiect elaborat f\u0103r\u0103 niciun studiu de impact, ce con\u0163ine numeroase erori de ordin juridic \u015fi administrativ. Federa\u0163ia Sindicatelor din Silvicultur\u0103 Silva a atras aten\u0163ia \u00eenc\u0103 de la apari\u0163ia draftului de proiect de Hot\u0103r\u00e2re de Guvern care prive\u015fte reorganizarea Regiei Na\u0163ionale a P\u0103durilor \u2013 Romsilva c\u0103 proiectul nu este f\u0103cut corect. Dac\u0103 va fi legiferat de Guvern, actualul proiect de \u201ereform\u0103\u201d va pune p\u0103durile statului \u00een pericol, va duce la colapsul Regiei Na\u0163ionale a P\u0103durilor \u2013 Romsilva \u015fi la pierderea locurilor de munc\u0103 ale silvicultorilor\u201d, se arat\u0103 \u00een document.<\/p>\n<h2>Principalele revendic\u0103ri<\/h2>\n<p>Silvicultorii cer oprirea campaniei de denigrare a Regiei Na\u021bionale a P\u0103durilor \u0219i a personalului silvic, precum \u0219i retragerea proiectului de Hot\u0103r\u00e2re de Guvern. Potrivit Federa\u021biei, m\u0103sura for\u021beaz\u0103 reorganizarea Romsilva prin desfiin\u021barea a 70 la sut\u0103 dintre direc\u021biile silvice jude\u021bene \u0219i prin separarea activit\u0103\u021bilor de produc\u021bie. Aceasta ar duce la pierderea a aproximativ 500 de locuri de munc\u0103 \u0219i ar afecta grav organizarea \u0219i func\u021bionalitatea institu\u021biei.<\/p>\n<p>De asemenea, Federa\u021bia Silva propune constituirea unui grup de lucru alc\u0103tuit din speciali\u0219ti \u00een administrarea p\u0103durilor, reprezentan\u021bi ai Ministerului Mediului, ai organiza\u021biilor profesionale \u0219i ai Federa\u021biei, \u00een calitate de partener social. Scopul ar fi elaborarea unui nou regulament care s\u0103 consolideze Regia Na\u021bional\u0103 a P\u0103durilor, nu destructurarea acesteia.<\/p>\n<h2>Ce prevede proiectul de reorganizare<\/h2>\n<p>Potrivit propunerii \u00eenaintate de Ministerul Mediului, actualele 41 de direc\u021bii silvice jude\u021bene ar urma s\u0103 fie reorganizate \u00een doar 12 direc\u021bii regionale. Proiectul prevede reducerea cu 90 la sut\u0103 a num\u0103rului de directori. Dac\u0103 \u00een prezent fiecare direc\u021bie are \u00eentre doi \u0219i patru directori, dup\u0103 reorganizare va r\u0103m\u00e2ne un singur director pentru fiecare structur\u0103 regional\u0103.<\/p>\n<p>Aceast\u0103 m\u0103sur\u0103 ar aduce economii de aproximativ 19 milioane de lei, sum\u0103 care ar fi folosit\u0103 pentru administrarea p\u0103durilor. Totodat\u0103, Hot\u0103r\u00e2rea de Guvern con\u021bine m\u0103suri de eficientizare financiar\u0103 prin separarea administr\u0103rii p\u0103durilor, exploat\u0103rii, \u00eentre\u021binerii drumurilor \u0219i valorific\u0103rii produselor lemnoase.<\/p>\n<h2>Indicatori de performan\u021b\u0103 pentru conducerea direc\u021biilor<\/h2>\n<p>Un alt element important al proiectului este introducerea unor indicatori de performan\u021b\u0103 financiari. Directorii \u0219i \u0219efii de ocoale vor fi evalua\u021bi pe baza unor criterii precum num\u0103rul de ore de formare, activit\u0103\u021bile de instruire urmate, suprafe\u021bele din fondul forestier supravegheate video, identificarea arborilor remarcabili sau a insulelor de \u00eemb\u0103tr\u00e2nire.<\/p>\n<h2>Rezultatele controlului la Romsilva<\/h2>\n<p>Pe 29 iulie, ministra Mediului, Diana Buzoianu, a trimis c\u0103tre Parchetul General raportul Corpului de control efectuat la Romsilva. Documentul arat\u0103 c\u0103 \u0219ase direc\u021bii silvice, printre care Bistri\u021ba-N\u0103s\u0103ud, Constan\u021ba, Dolj, Mehedin\u021bi, Teleorman \u0219i Tulcea, au avut pierderi financiare cinci ani consecutivi, \u00een perioada 2020-2024. Alte patru direc\u021bii, respectiv Cara\u0219-Severin, Gorj, Maramure\u0219 \u0219i S\u0103laj, au \u00eenregistrat pierderi semnificative cel pu\u021bin doi ani consecutiv.<\/p>\n<h2>Un proiect contestat, dar considerat necesar de autorit\u0103\u021bi<\/h2>\n<p>De\u0219i sindicatele sus\u021bin c\u0103 reorganizarea va duce la colapsul Romsilva \u0219i la pierderea locurilor de munc\u0103, Ministerul Mediului afirm\u0103 c\u0103 m\u0103surile sunt necesare pentru eficientizarea administr\u0103rii \u0219i reducerea pierderilor financiare.<\/p>\n<p>Decizia final\u0103 privind reorganizarea Romsilva urmeaz\u0103 s\u0103 fie luat\u0103 de Guvern, \u00eens\u0103 protestul silvicultorilor arat\u0103 c\u0103 opozi\u021bia fa\u021b\u0103 de acest proiect este puternic\u0103.<\/p>\n","protected":false},"excerpt":{"rendered":"<p>Este un mare protest la geamul Ministerului Mediului, iar oamenii din Federa\u021bia Sindicatelor din Silvicultur\u0103 Silva sunt nemul\u021bumi\u021bi de ministra Diana Buzoianu. Feder\u021bia a organizat miercuri un protest \u00een fa\u021ba Ministerului Mediului, Apelor \u0219i P\u0103durilor, \u00eentre orele 10:00 \u0219i 14:00. Silvicultorii \u0219i-au exprimat nemul\u021bumirea fa\u021b\u0103 de proiectul privind reorganizarea Regiei Na\u021bionale a P\u0103durilor Romsilva, despre [&hellip;]<\/p>\n","protected":false},"author":1,"featured_media":4642,"comment_status":"closed","ping_status":"closed","sticky":false,"template":"","format":"standard","meta":{"footnotes":""},"categories":[7],"tags":[],"class_list":["post-4641","post","type-post","status-publish","format-standard","has-post-thumbnail","hentry","category-stiri"],"_links":{"self":[{"href":"https:\/\/bumzi.ro\/index.php?rest_route=\/wp\/v2\/posts\/4641","targetHints":{"allow":["GET"]}}],"collection":[{"href":"https:\/\/bumzi.ro\/index.php?rest_route=\/wp\/v2\/posts"}],"about":[{"href":"https:\/\/bumzi.ro\/index.php?rest_route=\/wp\/v2\/types\/post"}],"author":[{"embeddable":true,"href":"https:\/\/bumzi.ro\/index.php?rest_route=\/wp\/v2\/users\/1"}],"replies":[{"embeddable":true,"href":"https:\/\/bumzi.ro\/index.php?rest_route=%2Fwp%2Fv2%2Fcomments&post=4641"}],"version-history":[{"count":1,"href":"https:\/\/bumzi.ro\/index.php?rest_route=\/wp\/v2\/posts\/4641\/revisions"}],"predecessor-version":[{"id":4643,"href":"https:\/\/bumzi.ro\/index.php?rest_route=\/wp\/v2\/posts\/4641\/revisions\/4643"}],"wp:featuredmedia":[{"embeddable":true,"href":"https:\/\/bumzi.ro\/index.php?rest_route=\/wp\/v2\/media\/4642"}],"wp:attachment":[{"href":"https:\/\/bumzi.ro\/index.php?rest_route=%2Fwp%2Fv2%2Fmedia&parent=4641"}],"wp:term":[{"taxonomy":"category","embeddable":true,"href":"https:\/\/bumzi.ro\/index.php?rest_route=%2Fwp%2Fv2%2Fcategories&post=4641"},{"taxonomy":"post_tag","embeddable":true,"href":"https:\/\/bumzi.ro\/index.php?rest_route=%2Fwp%2Fv2%2Ftags&post=4641"}],"curies":[{"name":"wp","href":"https:\/\/api.w.org\/{rel}","templated":true}]}}