{"id":5542,"date":"2025-09-02T06:33:55","date_gmt":"2025-09-02T06:33:55","guid":{"rendered":"https:\/\/bumzi.ro\/?p=5542"},"modified":"2025-09-02T06:33:55","modified_gmt":"2025-09-02T06:33:55","slug":"decizia-este-istorica-pentru-romania","status":"publish","type":"post","link":"https:\/\/bumzi.ro\/?p=5542","title":{"rendered":"Decizia este istoric\u0103 pentru Rom\u00e2nia"},"content":{"rendered":"<div class=\"single-content-left js-sticky-sidebar share-box-2\">\n<div class=\"theiaStickySidebar\"><\/div>\n<\/div>\n<div class=\"single-content-right\">\n<div class=\"single-body entry-content typography-copy\">\n<div class=\"freshsingle\">\n<p>Pre\u0219edintele Comisiei Europene,\u00a0<strong>Ursula von der Leyen<\/strong>, a sus\u021binut luni o conferin\u021b\u0103 de pres\u0103 comun\u0103 cu pre\u0219edintele Rom\u00e2niei, Nicu\u0219or Dan, la\u00a0<strong>Baza Mihail Kog\u0103lniceanu din Constan\u021ba<\/strong>. Oficialul european a vorbit despre consolidarea securit\u0103\u021bii la grani\u021ba estic\u0103 a Uniunii Europene \u0219i despre programul\u00a0<strong>SAFE<\/strong>, \u00een valoare de\u00a0<strong>150 de miliarde de euro<\/strong>, menit s\u0103 sprijine achizi\u021biile comune \u00een domeniul ap\u0103r\u0103rii \u0219i dezvoltarea industriei de securitate.<\/p>\n<h2>Programul SAFE \u0219i rolul Rom\u00e2niei<\/h2>\n<p>Von der Leyen a subliniat importan\u021ba proiectelor maritime navale din Rom\u00e2nia, care ar putea fi incluse \u00een cadrul unei abord\u0103ri comune europene pentru ap\u0103rarea frontierei estice.<\/p>\n<p>\u201eUE vizeaz\u0103 achizi\u021biile comune prin programul SAFE, \u00een valoare de 150 de miliarde euro, \u0219i am dat exemplu proiectele maritime navale pe care Rom\u00e2nia le are, care ar putea fi incluse \u00eentr-o abordare comun\u0103 european\u0103 de protejare a grani\u021bei estice din Finlanda, prin statele baltice, via Polonia \u0219i \u00een jos c\u0103tre Marea Neagr\u0103. Aici proiectele navale ar fi incluse \u00een consolidarea scutului estic\u201d, a declarat pre\u0219edinta Comisiei Europene.<\/p>\n<p>Totodat\u0103, ea a precizat c\u0103 acest program nu este doar despre securitate, ci \u0219i despre consolidarea industriei europene de ap\u0103rare \u0219i crearea de\u00a0<strong>locuri de munc\u0103 stabile<\/strong>.<\/p>\n<h2>Rom\u00e2nia, exemplu de rezilien\u021b\u0103<\/h2>\n<p>Von der Leyen a elogiat rezisten\u021ba Rom\u00e2niei \u00een fa\u021ba presiunilor externe \u0219i a campaniilor de dezinformare:<\/p>\n<p>\u201eRom\u00e2nia a demonstrat rezilien\u021b\u0103 impresionant\u0103 \u00een democra\u021bia sa, \u00een institu\u021biile sale. A\u021bi comb\u0103tut \u00eencerc\u0103ri de dezinformare cu succes, \u00eencerc\u0103ri de manipulare. Sunte\u021bi mai puternici \u0219i oferi\u021bi un sprijin stabil, ferm pentru Moldova. Rezista\u021bi \u00een fa\u021ba intimid\u0103rilor, care sunt parte din jocurile Moscovei. Dar asta nu face dec\u00e2t ca rezilien\u021ba noastr\u0103 s\u0103 fie mai puternic\u0103.\u201d<\/p>\n<h2>Investi\u021bii masive pentru ap\u0103rare \u0219i securitate<\/h2>\n<p>\u0218efa Comisiei Europene a prezentat priorit\u0103\u021bile UE \u00een domeniul ap\u0103r\u0103rii, explic\u00e2nd c\u0103 doar prin cre\u0219terea investi\u021biilor pe termen lung se poate garanta siguran\u021ba Europei:<\/p>\n<p>\u201eNe trebuie o cre\u0219tere \u00een investi\u021biile de ap\u0103rare. Pentru acest lucru avem finan\u021barea, trebuie s\u0103 lucr\u0103m pe implementarea acestei finan\u021b\u0103ri \u0219i, bine\u00een\u021beles, trebuie s\u0103 asigur\u0103m sustenabilitate pe termen lung.<\/p>\n<p>\u00cen ceea ce prive\u0219te sprijinul financiar pe termen scurt, \u00eempreun\u0103, \u00een cadrul Consiliului European, am fost de acord asupra unui pachet de 800 de miliarde de euro p\u00e2n\u0103 \u00een anul 2030.<\/p>\n<p>O parte din acest pachet este instrumentul SAFE. Este un instrument \u00een valoare de 150 de miliarde de euro \u0219i m\u0103 bucur foarte mult c\u0103 19 state s-au \u00eenscris la acest program pentru achizi\u021bii comune, inclusiv Rom\u00e2nia.\u201d<\/p>\n<h2>Obiective clare p\u00e2n\u0103 \u00een 2030<\/h2>\n<p>Von der Leyen a precizat c\u0103 Uniunea European\u0103 lucreaz\u0103 la o\u00a0<strong>foaie de parcurs<\/strong>\u00a0pentru a remedia lipsurile din sectorul ap\u0103r\u0103rii:<\/p>\n<p>\u201eAl 2-lea element este implementarea. \u00cen acest sens vom dezvolta o foaie de parcurs pe care o vom prezenta detaliat la Consiliul European. Cum vedem deficien\u021be, decalajele de capabilit\u0103\u021bi, cum inten\u021bion\u0103m s\u0103 le acoperim p\u00e2n\u0103 \u00een 2030 cu \u021binte, cu jaloane, pentru c\u0103 \u0219tim c\u0103 doar atunci c\u00e2nd le m\u0103sur\u0103m le putem rezolva.\u201d<\/p>\n<h2>Sustenabilitatea investi\u021biilor \u0219i sprijin pentru Ucraina<\/h2>\n<p>Liderul european a accentuat importan\u021ba contractelor pe termen lung pentru industria de ap\u0103rare \u0219i a precizat c\u0103 fondurile SAFE pot fi utilizate \u0219i pentru sprijinirea Ucrainei:<\/p>\n<p>\u201ePutem avea investi\u021bii pentru achizi\u021bii comune \u00een cadrul SAFE, dar \u0219i pentru a acorda sprijin militar Ucrainei, fie prin asigurarea capabilit\u0103\u021bilor sau prin investirea \u00een industria ucrainean\u0103 de ap\u0103rare.<\/p>\n<p>Este nevoie de predictibilitate \u0219i contracte pe termen lung \u00een industria de ap\u0103rare. Nu contracte anuale, ci contracte pe termen lung. \u0218i este exact ceea ce asigur\u0103 programul SAFE.<\/p>\n<p>Am \u00eencredere c\u0103 vom avea primele proiecte spre finalul acestui an sau la \u00eenceputul viitorului an.\u201d<\/p>\n<h2>Rom\u00e2nia, pe drumul moderniz\u0103rii economice<\/h2>\n<p>Pe l\u00e2ng\u0103 temele de securitate, Ursula von der Leyen a apreciat eforturile Rom\u00e2niei de a-\u0219i stabiliza economia \u0219i de a continua reformele:<\/p>\n<p>\u201eDac\u0103 \u00eemi permite\u021bi, despre eforturile Rom\u00e2niei de a reveni la cre\u0219tere durabil\u0103, a\u021bi muncit din greu pentru a men\u021bine sub control deficitul, a\u021bi promovat reforme \u0219i v\u0103 moderniza\u021bi economia \u0219i salut\u0103m aceste eforturi. Rom\u00e2nia are toate cele necesare pentru a-\u0219i pune economia pe traiectoria corect\u0103 \u0219i, mai mult dec\u00e2t at\u00e2t, ave\u021bi dorin\u021ba politic\u0103, ingredientul cel mai important. \u00cempreun\u0103 lucr\u0103m pentru a ne folosi c\u00e2t mai bine de fondurile europene de nou\u0103 genera\u021bie \u0219i vom continua s\u0103 lucr\u0103m \u00eendeaproape pentru a asigura un viitor prosper pentru poporul rom\u00e2n.\u201d<\/p>\n<p>Prin declara\u021biile sale de la Constan\u021ba,\u00a0<strong>Ursula von der Leyen<\/strong>\u00a0a transmis un mesaj de \u00eencredere pentru Rom\u00e2nia \u0219i pentru \u00eentreaga Uniune European\u0103. Programul SAFE, investi\u021biile masive \u00een ap\u0103rare \u0219i colaborarea str\u00e2ns\u0103 \u00eentre statele membre arat\u0103 c\u0103 UE \u00ee\u0219i \u00eent\u0103re\u0219te rezilien\u021ba, securitatea \u0219i competitivitatea economic\u0103, av\u00e2nd \u00een vedere at\u00e2t protejarea frontierelor, c\u00e2t \u0219i crearea de locuri de munc\u0103 pentru cet\u0103\u021benii europeni.<\/p>\n<\/div>\n<\/div>\n<\/div>\n","protected":false},"excerpt":{"rendered":"<p>Pre\u0219edintele Comisiei Europene,\u00a0Ursula von der Leyen, a sus\u021binut luni o conferin\u021b\u0103 de pres\u0103 comun\u0103 cu pre\u0219edintele Rom\u00e2niei, Nicu\u0219or Dan, la\u00a0Baza Mihail Kog\u0103lniceanu din Constan\u021ba. Oficialul european a vorbit despre consolidarea securit\u0103\u021bii la grani\u021ba estic\u0103 a Uniunii Europene \u0219i despre programul\u00a0SAFE, \u00een valoare de\u00a0150 de miliarde de euro, menit s\u0103 sprijine achizi\u021biile comune \u00een domeniul ap\u0103r\u0103rii [&hellip;]<\/p>\n","protected":false},"author":1,"featured_media":5543,"comment_status":"closed","ping_status":"closed","sticky":false,"template":"","format":"standard","meta":{"footnotes":""},"categories":[7],"tags":[],"class_list":["post-5542","post","type-post","status-publish","format-standard","has-post-thumbnail","hentry","category-stiri"],"_links":{"self":[{"href":"https:\/\/bumzi.ro\/index.php?rest_route=\/wp\/v2\/posts\/5542","targetHints":{"allow":["GET"]}}],"collection":[{"href":"https:\/\/bumzi.ro\/index.php?rest_route=\/wp\/v2\/posts"}],"about":[{"href":"https:\/\/bumzi.ro\/index.php?rest_route=\/wp\/v2\/types\/post"}],"author":[{"embeddable":true,"href":"https:\/\/bumzi.ro\/index.php?rest_route=\/wp\/v2\/users\/1"}],"replies":[{"embeddable":true,"href":"https:\/\/bumzi.ro\/index.php?rest_route=%2Fwp%2Fv2%2Fcomments&post=5542"}],"version-history":[{"count":1,"href":"https:\/\/bumzi.ro\/index.php?rest_route=\/wp\/v2\/posts\/5542\/revisions"}],"predecessor-version":[{"id":5544,"href":"https:\/\/bumzi.ro\/index.php?rest_route=\/wp\/v2\/posts\/5542\/revisions\/5544"}],"wp:featuredmedia":[{"embeddable":true,"href":"https:\/\/bumzi.ro\/index.php?rest_route=\/wp\/v2\/media\/5543"}],"wp:attachment":[{"href":"https:\/\/bumzi.ro\/index.php?rest_route=%2Fwp%2Fv2%2Fmedia&parent=5542"}],"wp:term":[{"taxonomy":"category","embeddable":true,"href":"https:\/\/bumzi.ro\/index.php?rest_route=%2Fwp%2Fv2%2Fcategories&post=5542"},{"taxonomy":"post_tag","embeddable":true,"href":"https:\/\/bumzi.ro\/index.php?rest_route=%2Fwp%2Fv2%2Ftags&post=5542"}],"curies":[{"name":"wp","href":"https:\/\/api.w.org\/{rel}","templated":true}]}}