{"id":5634,"date":"2025-09-04T05:56:32","date_gmt":"2025-09-04T05:56:32","guid":{"rendered":"https:\/\/bumzi.ro\/?p=5634"},"modified":"2025-09-04T05:56:32","modified_gmt":"2025-09-04T05:56:32","slug":"marea-actrita-a-romaniei-pe-patul-de-spital","status":"publish","type":"post","link":"https:\/\/bumzi.ro\/?p=5634","title":{"rendered":"Marea actri\u021b\u0103 a Rom\u00e2niei, pe patul de spital!"},"content":{"rendered":"<div class=\"box-inner-p-smaller box-single\">\n<div class=\"entry-header\">Marea actri\u021b\u0103 a Rom\u00e2niei, pe patul de spital! Probleme grave de s\u0103n\u0103tate<\/div>\n<\/div>\n<div class=\"box-inner-p-bigger box-single\">\n<div class=\"entry-content\">\n<p data-start=\"113\" data-end=\"481\">Anca Pandrea, so\u021bia regretatului actor Iurie Darie, trece printr-o perioad\u0103 extrem de dificil\u0103. La 79 de ani, actri\u021ba se confrunt\u0103 cu mai multe afec\u021biuni, iar cea mai recent\u0103 veste primit\u0103 de la medici este legat\u0103 de problemele de vedere. Diagnosticat\u0103 cu cataract\u0103 \u0219i glaucom la ambii ochi, aceasta a ajuns de urgen\u021b\u0103 la spital, unde a primit tratament specializat.<\/p>\n<p>Probleme oftalmologice serioase<\/p>\n<p data-start=\"522\" data-end=\"702\">\u00cen ultima perioad\u0103, actri\u021ba a fost nevoit\u0103 s\u0103 mearg\u0103 frecvent la oftalmologie. Ea a povestit c\u0103 medicii i-au administrat injec\u021bii direct \u00een ochi pentru a \u00eencetini evolu\u021bia bolii.<\/p>\n<blockquote>\n<p data-start=\"704\" data-end=\"951\"><strong>\u201eMi-au f\u0103cut injec\u021bie la ochiul drept, de data aceasta. Cu st\u00e2ngul v\u0103d doar la dep\u0103rtare, mi-au f\u0103cut patru injec\u021bii anul trecut. Am \u0219i cataract\u0103 \u0219i glaucom, la ambii ochi. \u0218i aceasta este singura solu\u021bie\u201d, a m\u0103rturisit aceasta pentru\u00a0<a class=\"external_link\" href=\"https:\/\/www.textise.net\/showText.aspx?strURL=https%3A%2F%2Fwww.cancan.ro%2Fanca-pandrea-a-ajuns-de-urgenta-la-spital-tremur-si-mi-e-foarte-frig-21258250%3Futm_source%3Dvideo_homepage%26utm_medium%3Dclicks_video%26utm_campaign%3Dvideo\" target=\"_blank\" rel=\"noopener nofollow\">Cancan<\/a>.<\/strong><\/p>\n<\/blockquote>\n<p>Dependent\u0103 de oxigen<\/p>\n<p data-start=\"981\" data-end=\"1248\">Pe l\u00e2ng\u0103 problemele de vedere, actri\u021ba sufer\u0103 de ani buni de insuficien\u021b\u0103 cardiac\u0103 \u0219i respiratorie. Din aceast\u0103 cauz\u0103, este dependent\u0103 de oxigen. Are dou\u0103 aparate: unul portabil, pe care \u00eel poart\u0103 \u00een geant\u0103, \u0219i unul static, folosit acas\u0103, mai ales pe timpul nop\u021bii.<\/p>\n<p data-start=\"1446\" data-end=\"1553\">Dup\u0103 vizita la spital, Anca Pandrea a povestit c\u0103 a avut un episod de ame\u021beal\u0103 \u0219i stare general\u0103 proast\u0103.<\/p>\n<blockquote>\n<p data-start=\"1555\" data-end=\"1922\"><strong>\u201eDup\u0103 injec\u021bie, am fost ok. Dar apoi m-a luat cu frig. Eu am oxigenarea sub 94, sunt dependent\u0103 de aparate. Am firul lung, merg cu el p\u00e2n\u0103 la buc\u0103t\u0103rie. Am ajuns devreme acas\u0103 cu prietena mea. M\u0103 sim\u021beam bine, dar nu-mi luasem oxigenul. \u0218i-n loc s\u0103 m\u0103n\u00e2nc \u0219i s\u0103 stau la orizontal\u0103, mi-am v\u0103zut de treburile mele. M-au luat ame\u021belile. \u0218i acum v\u0103d \u00een cea\u021b\u0103. \u00cemi \u00eenl\u0103crimeaz\u0103 \u0219i cel\u0103lalt ochi\u201d,\u00a0a mai spus actri\u021ba pentru sursa citat\u0103 anterior.<\/strong><\/p>\n<\/blockquote>\n<p data-start=\"1955\" data-end=\"2148\">Din cauza problemelor de vedere, actri\u021ba a apelat \u0219i la ajutorul apropia\u021bilor.<\/p>\n<blockquote>\n<p data-start=\"1955\" data-end=\"2148\"><strong>\u201eL-am rugat pe so\u021bul prietenei mele s\u0103-mi mute televizorul mai jos, c\u0103 nu mai vedeam p\u00e2n\u0103 acolo\u201d, a ad\u0103ugat aceasta.<\/strong><\/p>\n<\/blockquote>\n<p data-start=\"2186\" data-end=\"2477\">De-a lungul ultimilor ani, Anca Pandrea a chemat de mai multe ori ambulan\u021ba, fiind transportat\u0103 de urgen\u021b\u0103 la Spitalul \u201eFloreasca\u201d din Bucure\u0219ti, aflat aproape de locuin\u021ba sa. De fiecare dat\u0103, starea de s\u0103n\u0103tate delicat\u0103 a actri\u021bei a necesitat internare \u0219i \u00eengrijiri medicale specializate.<\/p>\n<p data-start=\"2479\" data-end=\"2645\" data-is-last-node=\"\" data-is-only-node=\"\">\u00cen ciuda problemelor grave cu care se confrunt\u0103, Anca Pandrea r\u0103m\u00e2ne puternic\u0103 \u0219i \u00eencearc\u0103 s\u0103 \u00ee\u0219i gestioneze afec\u021biunile cu tratamente \u0219i vizite regulate la spital.<\/p>\n<\/div>\n<\/div>\n","protected":false},"excerpt":{"rendered":"<p>Marea actri\u021b\u0103 a Rom\u00e2niei, pe patul de spital! Probleme grave de s\u0103n\u0103tate Anca Pandrea, so\u021bia regretatului actor Iurie Darie, trece printr-o perioad\u0103 extrem de dificil\u0103. La 79 de ani, actri\u021ba se confrunt\u0103 cu mai multe afec\u021biuni, iar cea mai recent\u0103 veste primit\u0103 de la medici este legat\u0103 de problemele de vedere. Diagnosticat\u0103 cu cataract\u0103 \u0219i [&hellip;]<\/p>\n","protected":false},"author":1,"featured_media":5635,"comment_status":"closed","ping_status":"closed","sticky":false,"template":"","format":"standard","meta":{"footnotes":""},"categories":[7],"tags":[],"class_list":["post-5634","post","type-post","status-publish","format-standard","has-post-thumbnail","hentry","category-stiri"],"_links":{"self":[{"href":"https:\/\/bumzi.ro\/index.php?rest_route=\/wp\/v2\/posts\/5634","targetHints":{"allow":["GET"]}}],"collection":[{"href":"https:\/\/bumzi.ro\/index.php?rest_route=\/wp\/v2\/posts"}],"about":[{"href":"https:\/\/bumzi.ro\/index.php?rest_route=\/wp\/v2\/types\/post"}],"author":[{"embeddable":true,"href":"https:\/\/bumzi.ro\/index.php?rest_route=\/wp\/v2\/users\/1"}],"replies":[{"embeddable":true,"href":"https:\/\/bumzi.ro\/index.php?rest_route=%2Fwp%2Fv2%2Fcomments&post=5634"}],"version-history":[{"count":1,"href":"https:\/\/bumzi.ro\/index.php?rest_route=\/wp\/v2\/posts\/5634\/revisions"}],"predecessor-version":[{"id":5636,"href":"https:\/\/bumzi.ro\/index.php?rest_route=\/wp\/v2\/posts\/5634\/revisions\/5636"}],"wp:featuredmedia":[{"embeddable":true,"href":"https:\/\/bumzi.ro\/index.php?rest_route=\/wp\/v2\/media\/5635"}],"wp:attachment":[{"href":"https:\/\/bumzi.ro\/index.php?rest_route=%2Fwp%2Fv2%2Fmedia&parent=5634"}],"wp:term":[{"taxonomy":"category","embeddable":true,"href":"https:\/\/bumzi.ro\/index.php?rest_route=%2Fwp%2Fv2%2Fcategories&post=5634"},{"taxonomy":"post_tag","embeddable":true,"href":"https:\/\/bumzi.ro\/index.php?rest_route=%2Fwp%2Fv2%2Ftags&post=5634"}],"curies":[{"name":"wp","href":"https:\/\/api.w.org\/{rel}","templated":true}]}}