{"id":5706,"date":"2025-09-05T05:56:11","date_gmt":"2025-09-05T05:56:11","guid":{"rendered":"https:\/\/bumzi.ro\/?p=5706"},"modified":"2025-09-05T05:56:11","modified_gmt":"2025-09-05T05:56:11","slug":"of-doamne-ce-veste-dureroasa","status":"publish","type":"post","link":"https:\/\/bumzi.ro\/?p=5706","title":{"rendered":"Of, Doamne&#8230;Ce veste dureroas\u0103"},"content":{"rendered":"<p><span id=\"h-simona-\u0219erbanescu-a-murit-jurnalista-radio-a-murit-la-doar-58-de-ani\" class=\"wp-block-heading\"><span id=\"Simona_Serbanescu_a_murit_jurnalista_radio_a_murit_la_doar_58_de_ani\">Simona \u0218erb\u0103nescu a murit, jurnalist\u0103 radio, a murit la doar 58 de ani<\/span><\/span><\/p>\n<p>Moartea sa las\u0103 un gol puternic at\u00e2t \u00een redac\u021bia Radio Rom\u00e2nia Actualit\u0103\u021bi, c\u00e2t \u0219i \u00een presa rom\u00e2neasc\u0103. Colegii, ascult\u0103torii \u0219i to\u021bi cei care au cunoscut-o profesional sau personal r\u0103m\u00e2n cu imaginea unei jurnaliste care \u0219i-a dedicat \u00eentreaga via\u021b\u0103 radioului \u0219i publicului.<\/p>\n<p><strong>\u201eAm aflat \u00een diminea\u021ba asta, cu triste\u021be, c\u0103 Simona Serbanescu nu mai este \u00een aceast\u0103 lume. Un reporter de teren excep\u021bional, \u00een slujba radioului public rom\u00e2nesc, Simona \u0218erb\u0103nescu a descris \u00een sunete \u0219i interviuri lumea \u00een care tr\u0103im.<\/strong><\/p>\n<p><strong>A f\u0103cut jurnalism cu aten\u021bie \u0219i r\u0103bdare, respect\u00e2nd at\u00e2t regulile, dar \u0219i spa\u021biul \u00een care \u00ee\u0219i dezvolt\u0103 subiectul. Simona f\u0103cea asta, firesc, aparent simplu. Este vorba de multa omenie aici, de c\u0103ldura pe care o ai poate \u00een tine, \u0219i poate ai \u0219ansa s\u0103 o reg\u0103se\u0219ti \u00eentr-o echip\u0103&#8217;<\/strong>, a transmis un fost coleg al jurnalistei, potrivit\u00a0<a href=\"https:\/\/www.textise.net\/showText.aspx?strURL=https%3A%2F%2Fwww.cancan.ro%2Fa-murit-simona-serbanescu-e-doliu-in-presa-romaneasca-21259176\">cancan.ro.<\/a><\/p>\n<p><span id=\"h-cine-a-fost-simona-\u0219erbanescu\" class=\"wp-block-heading\"><span id=\"Cine_a_fost_Simona_Serbanescu\">Cine a fost Simona \u0218erb\u0103nescu<\/span><\/span><\/p>\n<p>Simona \u0218erb\u0103nescu a semnat peste 380 de materiale, multe dintre ele fiind documentare istorice sau sociale. De asemenea a abordat teme de la Regalitatea \u00een Rom\u00e2nia, la Dosarele uitate ale Revolu\u0163iei \u015fi Mineriadei, la pove\u015fti din sate uitate de lume, cazuri de erori medicale, despre scriitori sau inventatori.<\/p>\n<p>Seria \u201ePe urmele eroilor&#8217;: A explorat teme precum Regina Maria, scriitorii rom\u00e2ni pe frontul Primului R\u0103zboi Mondial, Corpul Voluntarilor Ardeleni, \u015fi Eroul Necunoscut.<\/p>\n<p>A vorbit despre Regina Maria, despre scriitorii rom\u00e2ni afla\u021bi pe front \u00een Primul R\u0103zboi Mondial, despre Corpul Voluntarilor Ardeleni \u0219i despre povestea Eroului Necunoscut. Toate aceste teme au fost tratate cu seriozitate, dar \u0219i cu o sensibilitate aparte, transform\u00e2nd materialele \u00een repere pentru documentaristica radiofonic\u0103.<\/p>\n<p>Pe l\u00e2ng\u0103 dimensiunea istoric\u0103, Simona \u0218erb\u0103nescu a abordat \u0219i subiecte actuale, cu un impact puternic asupra societ\u0103\u021bii. A documentat tragedii precum cazul Caracal, a investigat erori medicale, a mers \u00een comunit\u0103\u021bi izolate pentru a reda realit\u0103\u021bile greu accesibile \u0219i a conturat portrete de genera\u021bie, cum a fost cel dedicat \u201edecre\u021beilor&#8217;. Prin fiecare material, jurnalista a urm\u0103rit s\u0103 construiasc\u0103 o leg\u0103tur\u0103 \u00eentre informa\u021bie \u0219i umanitatea din spatele faptelor.<\/p>\n<figure class=\"wp-block-image out-left-box out-left-box--portrait clearfix size-full\"><\/figure>\n<p>Contribu\u021bia sa s-a extins \u0219i \u00een proiecte speciale de mare anvergur\u0103, dedicate Centenarului Marii Uniri, personalit\u0103\u021bii Regelui Mihai sau istoriei Basarabiei. Prin aceste produc\u021bii, Simona \u0218erb\u0103nescu a reu\u0219it s\u0103 aduc\u0103 publicului nu doar informa\u021bii, ci \u0219i o perspectiv\u0103 profund\u0103 asupra identit\u0103\u021bii \u0219i memoriei colective.<\/p>\n<p>A realizat documentare despre evenimente recente precum cazul Caracal sau despre genera\u0163ii marcate de momente istorice, cum ar fi \u201eGenera\u0163ia decre\u0163eilor&#8217;.<\/p>\n<p>Simona \u0218erb\u0103nescu va fi depus\u0103 la capela Cimitirului Bellu Orodox (Pia\u021ba Eroii Revolu\u021biei) vineri 5 Septembrie \u00eencep\u00e2nd cu ora 14:00. Slujba de \u00eenmorm\u00e2ntare va avea loc s\u00e2mb\u0103t\u0103, 6 septembrie, ora 12:00 tot la Cimitirul Bellu Ortodox.<\/p>\n","protected":false},"excerpt":{"rendered":"<p>Simona \u0218erb\u0103nescu a murit, jurnalist\u0103 radio, a murit la doar 58 de ani Moartea sa las\u0103 un gol puternic at\u00e2t \u00een redac\u021bia Radio Rom\u00e2nia Actualit\u0103\u021bi, c\u00e2t \u0219i \u00een presa rom\u00e2neasc\u0103. Colegii, ascult\u0103torii \u0219i to\u021bi cei care au cunoscut-o profesional sau personal r\u0103m\u00e2n cu imaginea unei jurnaliste care \u0219i-a dedicat \u00eentreaga via\u021b\u0103 radioului \u0219i publicului. \u201eAm [&hellip;]<\/p>\n","protected":false},"author":1,"featured_media":5704,"comment_status":"closed","ping_status":"closed","sticky":false,"template":"","format":"standard","meta":{"footnotes":""},"categories":[7],"tags":[],"class_list":["post-5706","post","type-post","status-publish","format-standard","has-post-thumbnail","hentry","category-stiri"],"_links":{"self":[{"href":"https:\/\/bumzi.ro\/index.php?rest_route=\/wp\/v2\/posts\/5706","targetHints":{"allow":["GET"]}}],"collection":[{"href":"https:\/\/bumzi.ro\/index.php?rest_route=\/wp\/v2\/posts"}],"about":[{"href":"https:\/\/bumzi.ro\/index.php?rest_route=\/wp\/v2\/types\/post"}],"author":[{"embeddable":true,"href":"https:\/\/bumzi.ro\/index.php?rest_route=\/wp\/v2\/users\/1"}],"replies":[{"embeddable":true,"href":"https:\/\/bumzi.ro\/index.php?rest_route=%2Fwp%2Fv2%2Fcomments&post=5706"}],"version-history":[{"count":1,"href":"https:\/\/bumzi.ro\/index.php?rest_route=\/wp\/v2\/posts\/5706\/revisions"}],"predecessor-version":[{"id":5707,"href":"https:\/\/bumzi.ro\/index.php?rest_route=\/wp\/v2\/posts\/5706\/revisions\/5707"}],"wp:featuredmedia":[{"embeddable":true,"href":"https:\/\/bumzi.ro\/index.php?rest_route=\/wp\/v2\/media\/5704"}],"wp:attachment":[{"href":"https:\/\/bumzi.ro\/index.php?rest_route=%2Fwp%2Fv2%2Fmedia&parent=5706"}],"wp:term":[{"taxonomy":"category","embeddable":true,"href":"https:\/\/bumzi.ro\/index.php?rest_route=%2Fwp%2Fv2%2Fcategories&post=5706"},{"taxonomy":"post_tag","embeddable":true,"href":"https:\/\/bumzi.ro\/index.php?rest_route=%2Fwp%2Fv2%2Ftags&post=5706"}],"curies":[{"name":"wp","href":"https:\/\/api.w.org\/{rel}","templated":true}]}}