{"id":5989,"date":"2025-09-09T06:30:13","date_gmt":"2025-09-09T06:30:13","guid":{"rendered":"https:\/\/bumzi.ro\/?p=5989"},"modified":"2025-09-09T06:30:13","modified_gmt":"2025-09-09T06:30:13","slug":"au-crezut-ca-voi-ramane-tacuta-dupa-divort","status":"publish","type":"post","link":"https:\/\/bumzi.ro\/?p=5989","title":{"rendered":"Au crezut c\u0103 voi r\u0103m\u00e2ne t\u0103cut\u0103 dup\u0103 divor\u021b"},"content":{"rendered":"<p data-start=\"1455\" data-end=\"1771\">\u201eCon\u0219tiin\u021ba mea? \u0218ti\u021bi unde a fost ea \u00een to\u021bi ace\u0219ti ani? Atunci c\u00e2nd \u00eel \u00eencuraja\u021bi pe fiul dumneavoastr\u0103 s\u0103-\u0219i aduc\u0103 amantele \u00een cas\u0103. Atunci c\u00e2nd r\u00e2dea\u021bi pe la spate \u0219i \u00eemi spune\u021bi c\u0103 \u2018familia adev\u0103rat\u0103\u2019 nu sunt eu, ci rudele dumneavoastr\u0103. Con\u0219tiin\u021ba mea a t\u0103cut, a r\u0103bdat \u0219i a s\u00e2ngerat. Iar acum, ea vorbe\u0219te.\u201d<\/p>\n<p data-start=\"1773\" data-end=\"2009\">Am sim\u021bit cum m\u00e2na \u00eei sl\u0103be\u0219te pe bra\u021bul meu. Rudele ei, str\u00e2nse \u00een holul larg al vilei, se uitau la mine ca la o str\u0103in\u0103. De fapt, niciodat\u0103 nu m-au considerat parte din familia lor. \u0218i atunci am \u00een\u021beles: nu le eram datoare cu nimic.<\/p>\n<p data-start=\"2011\" data-end=\"2231\">\u00cen \u021bara asta, oamenii obi\u0219nuiesc s\u0103 ridice case mari, s\u0103 adune avere \u0219i s\u0103 cread\u0103 c\u0103 numele de familie e mai presus de orice. Dar am \u00eenv\u0103\u021bat pe propria piele c\u0103 o cas\u0103 f\u0103r\u0103 respect \u0219i f\u0103r\u0103 iubire e doar o carcas\u0103 rece.<\/p>\n<p data-start=\"2233\" data-end=\"2496\">M-am g\u00e2ndit la bunica mea, femeia simpl\u0103 de la sat care, de\u0219i nu a avut niciodat\u0103 palate sau bog\u0103\u021bii, \u0219tia s\u0103-\u0219i \u00eempart\u0103 p\u00e2inea cu vecinii. \u00cemi spunea mereu: \u201eFata mea, casa se face cu oameni buni, nu cu c\u0103r\u0103mizi.\u201d \u0218i cu aceste cuvinte \u00een minte am luat decizia.<\/p>\n<p data-start=\"2498\" data-end=\"2712\">C\u00e2nd am semnat actul de dona\u021bie, nu am f\u0103cut-o din r\u0103zbunare. Am f\u0103cut-o pentru c\u0103 \u0219tiam c\u0103 \u00eentre ace\u0219ti pere\u021bi nu crescuse nimic bun pentru copiii mei. Voiau s\u0103 m\u0103 vad\u0103 umilit\u0103, dar acum aveau s\u0103 m\u0103 vad\u0103 liber\u0103.<\/p>\n<p data-start=\"2714\" data-end=\"2894\">Soacra mea s-a pr\u0103bu\u0219it pe un scaun, pl\u00e2ng\u00e2nd teatral, iar una dintre veri\u015foare a \u00eencercat s\u0103 se apropie de mine:<br data-start=\"2827\" data-end=\"2830\" \/>\u201eDar unde o s\u0103 mergem? Ce vom face? Noi n-avem alt ad\u0103post&#8230;\u201d<\/p>\n<p data-start=\"2896\" data-end=\"3207\">Am ridicat m\u00e2na \u0219i am spus calm:<br data-start=\"2928\" data-end=\"2931\" \/>\u201eEu nu sunt prim\u0103ria. Nu sunt nici asisten\u021ba social\u0103. Timp de cincisprezece ani a\u021bi m\u00e2ncat, a\u021bi dormit \u0219i v-a\u021bi bucurat de confort pe spatele meu. E timpul s\u0103 v\u0103 construi\u021bi propria via\u021b\u0103. Vila asta nu mai e a voastr\u0103 \u0219i nici a mea. Va fi a celor care chiar au nevoie de ea.\u201d<\/p>\n<p data-start=\"3209\" data-end=\"3416\">Cuvintele mele au c\u0103zut ca un tr\u0103snet. Copiii mei, care st\u0103teau \u00een spatele meu, m\u0103 priveau cu ochi mari. Era pentru prima dat\u0103 c\u00e2nd m\u0103 vedeau ridic\u00e2ndu-m\u0103 cu adev\u0103rat. \u0218i \u00een privirea lor am sim\u021bit m\u00e2ndrie.<\/p>\n<p data-start=\"3418\" data-end=\"3655\">\u00cen zilele urm\u0103toare, zvonul s-a r\u0103sp\u00e2ndit prin tot cartierul. Vecinii se adunau la por\u021bi \u0219i \u0219u\u0219oteau. Unii m\u0103 criticau: \u201eCum s\u0103 arunci at\u00e2\u021bia bani?\u201d Al\u021bii m\u0103 aplaudau \u00een t\u0103cere. Dar eu \u0219tiam c\u0103 nu era despre bani. Era despre demnitate.<\/p>\n<p data-start=\"3657\" data-end=\"3996\">C\u00e2nd organiza\u021bia caritabil\u0103 a venit s\u0103 fac\u0103 primele renov\u0103ri, copiii din sat se uitau curio\u0219i prin gard. Vedeau cum camerele luxoase, unde alt\u0103dat\u0103 se petreceau chefuri pline de arogan\u021b\u0103, se transformau \u00een dormitoare pentru orfani. Vedeau cum sala de mese, unde se sp\u0103rgeau pahare de cristal, devenea loc de hran\u0103 pentru b\u0103tr\u00e2ni singuri.<\/p>\n<p data-start=\"3998\" data-end=\"4097\">Am r\u0103mas pe trotuar, cu copiii mei l\u00e2ng\u0103 mine, privind vila. Nu mai sim\u021beam durere. Sim\u021beam pace.<\/p>\n<p data-start=\"4099\" data-end=\"4319\">Soacra \u0219i rudele au plecat \u00eentr-o grab\u0103 haotic\u0103, c\u0103r\u00e2ndu-\u0219i bagajele, \u00eencerc\u00e2nd s\u0103 salveze ce mai puteau. Nu mi-au mul\u021bumit niciodat\u0103 pentru anii \u00een care i-am sus\u021binut. Dar nici nu mai aveam nevoie de recuno\u0219tin\u021ba lor.<\/p>\n<p data-start=\"4321\" data-end=\"4555\">\u00cen schimb, am primit o alt\u0103 form\u0103 de recuno\u0219tin\u021b\u0103: din partea unei feti\u021be de 7 ani, adus\u0103 de la un centru de plasament. M-a privit cu ochii ei mari \u0219i mi-a spus:<br data-start=\"4482\" data-end=\"4485\" \/>\u201eDoamna, e prima dat\u0103 c\u00e2nd am o camer\u0103 doar pentru mine. Mul\u021bumesc.\u201d<\/p>\n<p data-start=\"4557\" data-end=\"4648\">\u00cen acel moment, am sim\u021bit c\u0103 decizia mea nu doar c\u0103 m-a eliberat, dar a schimbat destine.<\/p>\n<p data-start=\"4650\" data-end=\"4753\">Ast\u0103zi, nu mai am vila aceea, dar am ceva mai pre\u021bios: lini\u0219tea sufletului \u0219i respectul copiilor mei.<\/p>\n<p data-start=\"4755\" data-end=\"4892\">\u0218i dac\u0103 cineva m\u0103 \u00eentreab\u0103 dac\u0103 regret, r\u0103spunsul meu e simplu:<br data-start=\"4818\" data-end=\"4821\" \/><strong data-start=\"4821\" data-end=\"4890\">\u201eNu regret nimic. Am pierdut o cas\u0103, dar am c\u00e2\u0219tigat libertatea.\u201d<\/strong><\/p>\n","protected":false},"excerpt":{"rendered":"<p>\u201eCon\u0219tiin\u021ba mea? \u0218ti\u021bi unde a fost ea \u00een to\u021bi ace\u0219ti ani? Atunci c\u00e2nd \u00eel \u00eencuraja\u021bi pe fiul dumneavoastr\u0103 s\u0103-\u0219i aduc\u0103 amantele \u00een cas\u0103. Atunci c\u00e2nd r\u00e2dea\u021bi pe la spate \u0219i \u00eemi spune\u021bi c\u0103 \u2018familia adev\u0103rat\u0103\u2019 nu sunt eu, ci rudele dumneavoastr\u0103. Con\u0219tiin\u021ba mea a t\u0103cut, a r\u0103bdat \u0219i a s\u00e2ngerat. Iar acum, ea vorbe\u0219te.\u201d Am [&hellip;]<\/p>\n","protected":false},"author":1,"featured_media":5990,"comment_status":"closed","ping_status":"closed","sticky":false,"template":"","format":"standard","meta":{"footnotes":""},"categories":[18],"tags":[],"class_list":["post-5989","post","type-post","status-publish","format-standard","has-post-thumbnail","hentry","category-povesti"],"_links":{"self":[{"href":"https:\/\/bumzi.ro\/index.php?rest_route=\/wp\/v2\/posts\/5989","targetHints":{"allow":["GET"]}}],"collection":[{"href":"https:\/\/bumzi.ro\/index.php?rest_route=\/wp\/v2\/posts"}],"about":[{"href":"https:\/\/bumzi.ro\/index.php?rest_route=\/wp\/v2\/types\/post"}],"author":[{"embeddable":true,"href":"https:\/\/bumzi.ro\/index.php?rest_route=\/wp\/v2\/users\/1"}],"replies":[{"embeddable":true,"href":"https:\/\/bumzi.ro\/index.php?rest_route=%2Fwp%2Fv2%2Fcomments&post=5989"}],"version-history":[{"count":1,"href":"https:\/\/bumzi.ro\/index.php?rest_route=\/wp\/v2\/posts\/5989\/revisions"}],"predecessor-version":[{"id":5991,"href":"https:\/\/bumzi.ro\/index.php?rest_route=\/wp\/v2\/posts\/5989\/revisions\/5991"}],"wp:featuredmedia":[{"embeddable":true,"href":"https:\/\/bumzi.ro\/index.php?rest_route=\/wp\/v2\/media\/5990"}],"wp:attachment":[{"href":"https:\/\/bumzi.ro\/index.php?rest_route=%2Fwp%2Fv2%2Fmedia&parent=5989"}],"wp:term":[{"taxonomy":"category","embeddable":true,"href":"https:\/\/bumzi.ro\/index.php?rest_route=%2Fwp%2Fv2%2Fcategories&post=5989"},{"taxonomy":"post_tag","embeddable":true,"href":"https:\/\/bumzi.ro\/index.php?rest_route=%2Fwp%2Fv2%2Ftags&post=5989"}],"curies":[{"name":"wp","href":"https:\/\/api.w.org\/{rel}","templated":true}]}}