{"id":6202,"date":"2025-09-12T05:52:14","date_gmt":"2025-09-12T05:52:14","guid":{"rendered":"https:\/\/bumzi.ro\/?p=6202"},"modified":"2025-09-12T05:52:14","modified_gmt":"2025-09-12T05:52:14","slug":"fara-precedent-zboruri-interzise-si-restrictii-de-trafic-aerian","status":"publish","type":"post","link":"https:\/\/bumzi.ro\/?p=6202","title":{"rendered":"F\u0103r\u0103 precedent! Zboruri interzise \u0219i restric\u021bii de trafic aerian"},"content":{"rendered":"<p>Polonia a decis s\u0103 impun\u0103 restric\u021bii stricte privind traficul aerian \u00een zona de est a \u021b\u0103rii, la grani\u021ba cu Belarus \u0219i Ucraina. M\u0103sura a fost anun\u021bat\u0103 joi de Comandamentul Opera\u021bional al For\u021belor Armate, pe fondul tensiunilor crescute, la doar o zi dup\u0103 ce mai multe drone au p\u0103truns \u00een spa\u021biul aerian polonez. Decizia marcheaz\u0103 o nou\u0103 etap\u0103 \u00een gestionarea securit\u0103\u021bii \u00een regiune \u0219i reflect\u0103 riscurile generate de r\u0103zboiul Rusiei \u00eempotriva Ucrainei.<\/p>\n<h2>Drone dobor\u00e2te \u00een spa\u021biul aerian polonez<\/h2>\n<p>Miercuri diminea\u021b\u0103, autorit\u0103\u021bile de la Var\u0219ovia au confirmat c\u0103 au dobor\u00e2t mai multe drone suspectate a fi ruse\u0219ti. Interceptarea a fost realizat\u0103 cu sprijinul unor aeronave NATO, fiind pentru prima dat\u0103 de la \u00eenceputul conflictului c\u00e2nd un stat membru al alian\u021bei a recurs la puterea de foc \u00een contextul r\u0103zboiului din Ucraina. Incidentul a ridicat nivelul de alert\u0103 \u00een Polonia \u0219i a determinat autorit\u0103\u021bile s\u0103 adopte m\u0103suri imediate de siguran\u021b\u0103 aerian\u0103.<\/p>\n<h2>Zona restric\u021bionat\u0103 EP R129<\/h2>\n<p>Agen\u021bia Polonez\u0103 de Naviga\u021bie Aerian\u0103 a transmis c\u0103, \u201ela cererea Comandamentului Opera\u021bional al Ramurilor For\u021belor Armate \u2026 restric\u0163iile de trafic aerian vor fi introduse \u00een partea de est a Poloniei sub forma zonei restric\u0163ionate EP R129\u201d. Noile reguli au intrat \u00een vigoare miercuri sear\u0103, la ora 22:00 GMT (01:00 ora Rom\u00e2niei), \u0219i vor fi aplicate p\u00e2n\u0103 pe 9 decembrie 2025.<\/p>\n<h2>Ce presupun restric\u021biile de zbor<\/h2>\n<p>Conform noilor reglement\u0103ri:<br \/>\n\u2013 de la r\u0103s\u0103rit p\u00e2n\u0103 la apus, zborurile \u00een zona restric\u021bionat\u0103 sunt interzise pentru aeronavele civile, cu excep\u021bia celor care respect\u0103 planurile de zbor, folosesc transpondere active \u0219i men\u021bin comunicare permanent\u0103 cu autorit\u0103\u021bile aviatice;<br \/>\n\u2013 dup\u0103 apus \u0219i p\u00e2n\u0103 la r\u0103s\u0103rit, interdic\u021bia devine total\u0103, singurele exceptate fiind aeronavele militare;<br \/>\n\u2013 pentru dronele civile \u0219i aparatele f\u0103r\u0103 pilot, interdic\u021bia este valabil\u0103 24 de ore din 24, pe toat\u0103 durata aplic\u0103rii zonei EP R129.<\/p>\n<p>De asemenea, anumite zboruri speciale, cu indicative de apel suplimentare, pot beneficia de derog\u0103ri, dar numai \u00een condi\u021bii strict reglementate.<\/p>\n<h2>Reac\u021bia Rusiei<\/h2>\n<p>Ministerul Ap\u0103r\u0103rii de la Moscova a transmis miercuri c\u0103 dronele sale au efectuat un atac major asupra unor instala\u021bii militare din vestul Ucrainei, \u00eens\u0103 a negat orice inten\u021bie de a lovi \u021binte din Polonia. Kremlinul a acuzat din nou Var\u0219ovia c\u0103 ar \u00eencerca s\u0103 \u201eescaladeze criza din Ucraina\u201d prin prezentarea acestor incidente ca amenin\u021b\u0103ri directe la adresa securit\u0103\u021bii na\u021bionale.<\/p>\n<h2>O m\u0103sur\u0103 pentru securitatea NATO<\/h2>\n<p>Restric\u021biile introduse de Polonia reflect\u0103 nivelul ridicat de \u00eengrijorare \u00een r\u00e2ndul statelor NATO aflate la grani\u021ba cu zona de conflict. Incidentul cu dronele ruse\u0219ti a reprezentat un semnal de alarm\u0103 cu privire la vulnerabilitatea spa\u021biului aerian al alian\u021bei, iar decizia Var\u0219oviei de a bloca zborurile civile \u00een anumite zone este menit\u0103 s\u0103 previn\u0103 posibile tragedii.<\/p>\n<p>M\u0103sura va r\u0103m\u00e2ne \u00een vigoare p\u00e2n\u0103 pe 9 decembrie, timp \u00een care autorit\u0103\u021bile poloneze \u0219i alia\u021bii NATO vor monitoriza permanent situa\u021bia din regiune, pentru a evalua riscurile \u0219i pentru a decide eventuale noi m\u0103suri de securitate.<\/p>\n","protected":false},"excerpt":{"rendered":"<p>Polonia a decis s\u0103 impun\u0103 restric\u021bii stricte privind traficul aerian \u00een zona de est a \u021b\u0103rii, la grani\u021ba cu Belarus \u0219i Ucraina. M\u0103sura a fost anun\u021bat\u0103 joi de Comandamentul Opera\u021bional al For\u021belor Armate, pe fondul tensiunilor crescute, la doar o zi dup\u0103 ce mai multe drone au p\u0103truns \u00een spa\u021biul aerian polonez. Decizia marcheaz\u0103 o [&hellip;]<\/p>\n","protected":false},"author":1,"featured_media":6199,"comment_status":"closed","ping_status":"closed","sticky":false,"template":"","format":"standard","meta":{"footnotes":""},"categories":[7],"tags":[],"class_list":["post-6202","post","type-post","status-publish","format-standard","has-post-thumbnail","hentry","category-stiri"],"_links":{"self":[{"href":"https:\/\/bumzi.ro\/index.php?rest_route=\/wp\/v2\/posts\/6202","targetHints":{"allow":["GET"]}}],"collection":[{"href":"https:\/\/bumzi.ro\/index.php?rest_route=\/wp\/v2\/posts"}],"about":[{"href":"https:\/\/bumzi.ro\/index.php?rest_route=\/wp\/v2\/types\/post"}],"author":[{"embeddable":true,"href":"https:\/\/bumzi.ro\/index.php?rest_route=\/wp\/v2\/users\/1"}],"replies":[{"embeddable":true,"href":"https:\/\/bumzi.ro\/index.php?rest_route=%2Fwp%2Fv2%2Fcomments&post=6202"}],"version-history":[{"count":1,"href":"https:\/\/bumzi.ro\/index.php?rest_route=\/wp\/v2\/posts\/6202\/revisions"}],"predecessor-version":[{"id":6203,"href":"https:\/\/bumzi.ro\/index.php?rest_route=\/wp\/v2\/posts\/6202\/revisions\/6203"}],"wp:featuredmedia":[{"embeddable":true,"href":"https:\/\/bumzi.ro\/index.php?rest_route=\/wp\/v2\/media\/6199"}],"wp:attachment":[{"href":"https:\/\/bumzi.ro\/index.php?rest_route=%2Fwp%2Fv2%2Fmedia&parent=6202"}],"wp:term":[{"taxonomy":"category","embeddable":true,"href":"https:\/\/bumzi.ro\/index.php?rest_route=%2Fwp%2Fv2%2Fcategories&post=6202"},{"taxonomy":"post_tag","embeddable":true,"href":"https:\/\/bumzi.ro\/index.php?rest_route=%2Fwp%2Fv2%2Ftags&post=6202"}],"curies":[{"name":"wp","href":"https:\/\/api.w.org\/{rel}","templated":true}]}}