{"id":7032,"date":"2025-09-24T05:55:25","date_gmt":"2025-09-24T05:55:25","guid":{"rendered":"https:\/\/bumzi.ro\/?p=7032"},"modified":"2025-09-24T05:55:25","modified_gmt":"2025-09-24T05:55:25","slug":"liderii-coalitiei-fac-anuntul-asteptat-de-milioane-de-romani","status":"publish","type":"post","link":"https:\/\/bumzi.ro\/?p=7032","title":{"rendered":"Liderii coali\u021biei fac anun\u021bul a\u0219teptat de milioane de rom\u00e2ni:"},"content":{"rendered":"<p>S-a oficializat! Dup\u0103 \u0219edin\u021ba de mar\u021bi, liderii coali\u021biei de guvernare au convenit s\u0103 prelungeasc\u0103 cu \u00eenc\u0103 jum\u0103tate de an plafonarea adaosului comercial la alimentele de baz\u0103. \u00cen aceast\u0103 sear\u0103, liderii PSD \u0219i UDMR au confirmat aceast\u0103 m\u0103sur\u0103.<\/p>\n<h2>E oficial: coali\u021bia de guvernare prelunge\u0219te cu \u0219ase luni plafonarea pre\u021burilor la produsele alimentare de baz\u0103<\/h2>\n<p>Adaosul comercial la un num\u0103r de 17 alimente de baz\u0103\u00a0va fi plafonat pentru \u00eenc\u0103 \u0219ase luni. Mar\u021bi seara, r\u00e2nd pe r\u00e2nd, doi dintre cei patru lideri ai coali\u021biei au ie\u0219it cu mesaje pe Facebook \u00een acest sens.<\/p>\n<p>Pre\u0219edintele interimar al PSD, Sorin Grindeanu, a transmis c\u0103, \u00een cursul \u0219edin\u021bei de mar\u021bi, el \u0219i colegii de guvernare au decis men\u0163inerea plafon\u0103rii adaosului comercial la 17 alimente de baz\u0103. \u201d<strong><em>Urmeaz\u0103 ca transpunerea deciziei Coali\u0163iei s\u0103 fie f\u0103cut\u0103 rapid de Guvern, astfel \u00eenc\u00e2t termenul de 1 octombrie \u2013 la care expira m\u0103sura \u2013 s\u0103 fie prelungit\u201d<\/em><\/strong>, a ar\u0103tat el.<\/p>\n<p><strong><em>\u201dRom\u00e2nii vor avea, \u00een continuare, acces la 17 alimente de baz\u0103 la pre\u0163uri mai mici! Coali\u0163ia a decis ast\u0103zi men\u0163inerea plafon\u0103rii adaosului comercial pentru aceste alimente. M\u0103 bucur c\u0103 argumentele speciali\u015ftilor PSD au fost ascultate \u015fi \u00een\u0163elese de partenerii de guvernare. Urmeaz\u0103 ca transpunerea deciziei Coali\u0163iei s\u0103 fie f\u0103cut\u0103 rapid de Guvern, astfel \u00eenc\u00e2t termenul de 1 octombrie \u2013 la care expira m\u0103sura \u2013 s\u0103 fie prelungit<\/em><\/strong>\u201d, a scris Sorin Grindeanu, pe pagina sa de Facebook.<\/p>\n<h2>Kelemen Hunor a dezv\u0103luit perioada plafon\u0103rii<\/h2>\n<p>Conform prevederilor vechi, pe 1 octombrie 2025\u00a0expira termenul p\u00e2n\u0103 la care 17 produse alimentare de baz\u0103 aveau adaosul comercial plafonat, \u00een urma unei decizii a Guvernului Ciolacu, prelungit\u0103 ulterior. Tot mar\u021bi seara, liderul UDMR, Kelemen Hunor, a anun\u021bat \u0219i el c\u0103, \u00een urma discu\u021biilor din cadrul coali\u021biei s-a decis prelungirea plafon\u0103rii pre\u021burilor la produsele alimentare de baz\u0103. Acesta a specificat \u0219i perioada prelungirii: \u0219ase luni!<\/p>\n<p>\u201d<strong><em>Ast\u0103zi, coali\u021bia de guvernare a acceptat propunerea noastr\u0103: prelungim cu \u0219ase luni plafonarea pre\u021burilor la produsele alimentare de baz\u0103: p\u00e2ine, lapte, ou\u0103, ulei, cartofi, zah\u0103r \u0219i altele. Acest lucru \u00eenseamn\u0103 c\u0103 vom limita cre\u0219terea pre\u021burilor \u0219i vom asigura c\u0103 aceste produse alimentare vor r\u0103m\u00e2ne accesibile pentru toate familiile<\/em><\/strong>\u201d, a transmis Kelemen \u00een online.<\/p>\n<p>Lista de alimente cu adaosul comercial plafonat cuprinde 17 produse \u0219i categorii de alimente. Printre acestea: lapte, br\u00e2nz\u0103, iaurt, f\u0103in\u0103, ou\u0103, carne proasp\u0103t\u0103 de pui \u0219i porc sau legume \u0219i fructe proaspete.<\/p>\n","protected":false},"excerpt":{"rendered":"<p>S-a oficializat! Dup\u0103 \u0219edin\u021ba de mar\u021bi, liderii coali\u021biei de guvernare au convenit s\u0103 prelungeasc\u0103 cu \u00eenc\u0103 jum\u0103tate de an plafonarea adaosului comercial la alimentele de baz\u0103. \u00cen aceast\u0103 sear\u0103, liderii PSD \u0219i UDMR au confirmat aceast\u0103 m\u0103sur\u0103. E oficial: coali\u021bia de guvernare prelunge\u0219te cu \u0219ase luni plafonarea pre\u021burilor la produsele alimentare de baz\u0103 Adaosul comercial [&hellip;]<\/p>\n","protected":false},"author":1,"featured_media":7033,"comment_status":"closed","ping_status":"closed","sticky":false,"template":"","format":"standard","meta":{"footnotes":""},"categories":[7],"tags":[],"class_list":["post-7032","post","type-post","status-publish","format-standard","has-post-thumbnail","hentry","category-stiri"],"_links":{"self":[{"href":"https:\/\/bumzi.ro\/index.php?rest_route=\/wp\/v2\/posts\/7032","targetHints":{"allow":["GET"]}}],"collection":[{"href":"https:\/\/bumzi.ro\/index.php?rest_route=\/wp\/v2\/posts"}],"about":[{"href":"https:\/\/bumzi.ro\/index.php?rest_route=\/wp\/v2\/types\/post"}],"author":[{"embeddable":true,"href":"https:\/\/bumzi.ro\/index.php?rest_route=\/wp\/v2\/users\/1"}],"replies":[{"embeddable":true,"href":"https:\/\/bumzi.ro\/index.php?rest_route=%2Fwp%2Fv2%2Fcomments&post=7032"}],"version-history":[{"count":1,"href":"https:\/\/bumzi.ro\/index.php?rest_route=\/wp\/v2\/posts\/7032\/revisions"}],"predecessor-version":[{"id":7034,"href":"https:\/\/bumzi.ro\/index.php?rest_route=\/wp\/v2\/posts\/7032\/revisions\/7034"}],"wp:featuredmedia":[{"embeddable":true,"href":"https:\/\/bumzi.ro\/index.php?rest_route=\/wp\/v2\/media\/7033"}],"wp:attachment":[{"href":"https:\/\/bumzi.ro\/index.php?rest_route=%2Fwp%2Fv2%2Fmedia&parent=7032"}],"wp:term":[{"taxonomy":"category","embeddable":true,"href":"https:\/\/bumzi.ro\/index.php?rest_route=%2Fwp%2Fv2%2Fcategories&post=7032"},{"taxonomy":"post_tag","embeddable":true,"href":"https:\/\/bumzi.ro\/index.php?rest_route=%2Fwp%2Fv2%2Ftags&post=7032"}],"curies":[{"name":"wp","href":"https:\/\/api.w.org\/{rel}","templated":true}]}}