{"id":7211,"date":"2025-09-26T09:46:50","date_gmt":"2025-09-26T09:46:50","guid":{"rendered":"https:\/\/bumzi.ro\/?p=7211"},"modified":"2025-09-26T09:46:50","modified_gmt":"2025-09-26T09:46:50","slug":"s-a-aflat-cel-mai-mare-secret","status":"publish","type":"post","link":"https:\/\/bumzi.ro\/?p=7211","title":{"rendered":"S-a aflat cel mai mare secret"},"content":{"rendered":"<p>Nicu\u015for Dan, \u00eentrebat dac\u0103 \u00ee\u015fi face planuri de nunt\u0103: Asta e o chestiune personal\u0103 \u015fi c\u00e2nd se va \u00eent\u00e2mpla asta va fi un spa\u0163iu de zile care va fi foarte, foarte personal<\/p>\n<p>Pre\u0219edintele Nicu\u015for Dan a fost \u00eentrebat din nou dac\u0103 are planuri de nunt\u0103. \u0218eful statului a precizat c\u0103 acest lucru este mai degrab\u0103 unul personal, iar atunci c\u00e2nd se va \u00eent\u00e2mpla va fi un eveniment privat, despre care se va afla ulterior.<\/p>\n<p>\u00centrebat, joi sear\u0103, la Digi 24, dac\u0103 \u015fi-a f\u0103cut planuri de nunt\u0103, Nicu\u015for Dan a r\u0103spuns: \u201dAsta e o chestiune personal\u0103 \u015fi c\u00e2nd se va \u00eent\u00e2mpla asta va fi un spa\u0163iu de zile care va fi foarte, foarte personal\u201d.<\/p>\n<p>\u201d\u015ei nu vom \u015fti dec\u00e2t dup\u0103 ce s-a \u00eent\u00e2mplat?\u201d, a \u00eentrebat moderatorul. \u201dDa\u201d, a r\u0103spuns pre\u015fedintele. \u201dOk. \u0102sta e consemnul clar? Asta e o decizie pe care a\u0163i luat-o cu doamna?\u201d, a insistat jurnalistul.<\/p>\n<p>\u201dSunt foarte, foarte multe decizii pe care nici nu trebuie s\u0103 ne consult\u0103m pentru c\u0103 g\u00e2ndim absolut la fel\u201d, a r\u0103spuns Nicu\u015for Dan.<\/p>\n<p>Pre\u0219edintele Nicu\u015for Dan a primit propunerea s\u0103 fac\u0103 nunta \u00een timpul campaniei electorale, \u00een direct la Victor Ciutacu<\/p>\n<p>\u00cen perioada alegerilor preziden\u021biale, Nicu\u0219or Dan a declarat pentru Rom\u00e2niaTV c\u0103 i s-a propus s\u0103 se c\u0103s\u0103toreasc\u0103 cu partenera sa \u00een campania electoral\u0103, dar a refuzat. Cei doi sunt \u00eempreun\u0103 de peste 20 de ani \u0219i au doi copii, dar nu sunt c\u0103s\u0103tori\u021bi.<\/p>\n<p>Pre\u0219edintele Nicu\u015for Dan a primit propunerea s\u0103 fac\u0103 nunta \u00een timpul campaniei electorale, \u00een direct la Victor Ciutacu<\/p>\n<p>\u00cen perioada alegerilor preziden\u021biale, Nicu\u0219or Dan a declarat pentru Rom\u00e2niaTV c\u0103 i s-a propus s\u0103 se c\u0103s\u0103toreasc\u0103 cu partenera sa \u00een campania electoral\u0103, dar a refuzat. Cei doi sunt \u00eempreun\u0103 de peste 20 de ani \u0219i au doi copii, dar nu sunt c\u0103s\u0103tori\u021bi.<\/p>\n<p>Nicu\u0219or Dan \u0219i Mirabela Gr\u0103dinaru formeaz\u0103 un cuplu de peste 20 de ani \u0219i au \u00eempreun\u0103 doi copii, \u00eens\u0103 p\u00e2n\u0103 acum nu au ajuns la altar. \u00cen timpul campaniei, via\u021ba privat\u0103 a pre\u0219edintelui a ajuns subiect inters dezb\u0103tut \u00een spa\u021biul public, mul\u021bi \u00eentreb\u00e2nd-se de rela\u021bia sa cu partenera de via\u021b\u0103.<\/p>\n<p>De\u0219i via\u021ba personal\u0103 a pre\u0219edintelui Nicu\u0219or Dan a fost \u00een general discret\u0103, el a oferit \u0219i alte detalii \u00een interven\u021biile din campania electoral\u0103, \u00een care a men\u021bionat c\u0103 \u015fi el \u0219i Mirabela Gr\u0103dinaru sunt cre\u0219tin-ortodoc\u0219i \u0219i c\u0103 ambii copii ai lor sunt boteza\u021bi.<\/p>\n","protected":false},"excerpt":{"rendered":"<p>Nicu\u015for Dan, \u00eentrebat dac\u0103 \u00ee\u015fi face planuri de nunt\u0103: Asta e o chestiune personal\u0103 \u015fi c\u00e2nd se va \u00eent\u00e2mpla asta va fi un spa\u0163iu de zile care va fi foarte, foarte personal Pre\u0219edintele Nicu\u015for Dan a fost \u00eentrebat din nou dac\u0103 are planuri de nunt\u0103. \u0218eful statului a precizat c\u0103 acest lucru este mai degrab\u0103 [&hellip;]<\/p>\n","protected":false},"author":1,"featured_media":7212,"comment_status":"closed","ping_status":"closed","sticky":false,"template":"","format":"standard","meta":{"footnotes":""},"categories":[7],"tags":[],"class_list":["post-7211","post","type-post","status-publish","format-standard","has-post-thumbnail","hentry","category-stiri"],"_links":{"self":[{"href":"https:\/\/bumzi.ro\/index.php?rest_route=\/wp\/v2\/posts\/7211","targetHints":{"allow":["GET"]}}],"collection":[{"href":"https:\/\/bumzi.ro\/index.php?rest_route=\/wp\/v2\/posts"}],"about":[{"href":"https:\/\/bumzi.ro\/index.php?rest_route=\/wp\/v2\/types\/post"}],"author":[{"embeddable":true,"href":"https:\/\/bumzi.ro\/index.php?rest_route=\/wp\/v2\/users\/1"}],"replies":[{"embeddable":true,"href":"https:\/\/bumzi.ro\/index.php?rest_route=%2Fwp%2Fv2%2Fcomments&post=7211"}],"version-history":[{"count":1,"href":"https:\/\/bumzi.ro\/index.php?rest_route=\/wp\/v2\/posts\/7211\/revisions"}],"predecessor-version":[{"id":7213,"href":"https:\/\/bumzi.ro\/index.php?rest_route=\/wp\/v2\/posts\/7211\/revisions\/7213"}],"wp:featuredmedia":[{"embeddable":true,"href":"https:\/\/bumzi.ro\/index.php?rest_route=\/wp\/v2\/media\/7212"}],"wp:attachment":[{"href":"https:\/\/bumzi.ro\/index.php?rest_route=%2Fwp%2Fv2%2Fmedia&parent=7211"}],"wp:term":[{"taxonomy":"category","embeddable":true,"href":"https:\/\/bumzi.ro\/index.php?rest_route=%2Fwp%2Fv2%2Fcategories&post=7211"},{"taxonomy":"post_tag","embeddable":true,"href":"https:\/\/bumzi.ro\/index.php?rest_route=%2Fwp%2Fv2%2Ftags&post=7211"}],"curies":[{"name":"wp","href":"https:\/\/api.w.org\/{rel}","templated":true}]}}