{"id":7873,"date":"2025-10-03T09:33:57","date_gmt":"2025-10-03T09:33:57","guid":{"rendered":"https:\/\/bumzi.ro\/?p=7873"},"modified":"2025-10-03T09:33:57","modified_gmt":"2025-10-03T09:33:57","slug":"curata-bine-baia-tarfa-inutila-si-daca-nu-e-perfect-ramai-din-nou-fara-cina","status":"publish","type":"post","link":"https:\/\/bumzi.ro\/?p=7873","title":{"rendered":"Cur\u0103\u021b\u0103 bine baia, t\u00e2rf\u0103 inutil\u0103, \u0219i dac\u0103 nu e perfect, r\u0103m\u00e2i din nou f\u0103r\u0103 cin\u0103"},"content":{"rendered":"<p data-start=\"3636\" data-end=\"4033\">Am intrat \u00een t\u0103cere, sim\u021bind cum mi se str\u00e2nge inima cu fiecare pas pe hol. Casa mirosea a pr\u0103jituri r\u0103mase de la s\u0103rb\u0103tori \u0219i a detergent; o normalitate fals\u0103 care acoperea o nedreptate. \u00cen sufragerie, televizorul murmur\u0103 o emisiune, iar pe canapea, C\u00e9sar \u0219i Antonio st\u0103teau coco\u021ba\u021bi, m\u00e2nc\u00e2nd covrigi. Marta era \u00een baie, cu fa\u021ba ro\u0219ie de pl\u00e2ns, \u00eencerc\u00e2nd s\u0103 frece cada cu aceea\u0219i c\u00e2rp\u0103 prea mare.<\/p>\n<p data-start=\"4035\" data-end=\"4100\">Am stat c\u00e2teva secunde doar privind scena. \u00cen mine ceva s\u2011a rupt.<\/p>\n<p data-start=\"4102\" data-end=\"4325\">\u201eRicardo!\u201d am strigat, vocea mea t\u0103indu\u2011i r\u00e2sul \u00een dou\u0103. To\u021bi s\u2011au uitat spre mine ca la o \u00eent\u00e2mplare nea\u0219teptat\u0103. Ricardo s\u2011a ridicat greu, cu o privire care voia s\u0103 fie autoritar\u0103. \u201eCe cau\u021bi aici? Cine te-a l\u0103sat s\u0103 vii?\u201d<\/p>\n<p data-start=\"4327\" data-end=\"4504\">Am scos din geant\u0103 actele; contractul de finan\u021bare, facturile pe care le pl\u0103tisem, orice dovad\u0103 c\u0103 acea cas\u0103 era a mea. Le\u2011am ar\u0103tat pe mas\u0103, \u00eentinse ca un semn greu de ignorat.<\/p>\n<p data-start=\"4506\" data-end=\"4696\">\u201eCasa e pe numele meu, Ricardo. Eu am pl\u0103tit fiecare leu. Dac\u0103 nu \u00eenceta\u021bi cu abuzurile, fac pl\u00e2ngere la asisten\u021ba social\u0103. \u0218i dac\u0103 nu ave\u021bi respect pentru nepoata mea, o iau acas\u0103 cu mine.\u201d<\/p>\n<p data-start=\"4698\" data-end=\"4789\">Silvia a r\u00e2s, apoi a oftat cu dispre\u021b. \u201eCe po\u021bi s\u0103 faci, o b\u0103tr\u00e2n\u0103? Nu\u2011\u021bi convine\u2026 pleac\u0103.\u201d<\/p>\n<p data-start=\"4791\" data-end=\"5131\">Dar \u00een glasul meu nu mai era team\u0103. \u00cen Rom\u00e2nia, chiar \u0219i la 69 de ani, te po\u021bi ridica c\u00e2nd ai dreptate. I\u2011am spus limpede c\u0103 am sunat deja la prim\u0103rie \u0219i la Protec\u021bia Copilului. Cuvintele mele i\u2011au f\u0103cut pe to\u021bi s\u0103 tac\u0103. Un vecin din scar\u0103, care trecuse pe prisp\u0103, a auzit scandalul \u0219i s\u2011a oprit s\u0103 vad\u0103 ce se \u00eent\u00e2mpl\u0103; nu mai eram singur\u0103.<\/p>\n<p data-start=\"5133\" data-end=\"5425\">Ricardo a f\u0103c\u00e2nd o mi\u0219care de ap\u0103rare, dar Marta s\u2011a ridicat din genunchi \u0219i a alergat spre mine. M\u2011a \u00eembr\u0103\u021bi\u0219at cu o for\u021b\u0103 mic\u0103, dar hot\u0103r\u00e2t\u0103, \u0219i pentru prima oar\u0103 de c\u00e2nd o \u0219tiam mi\u2011a spus: \u201eBunica, mi\u2011e fric\u0103.\u201d Am sim\u021bit c\u0103 inima mea se tope\u0219te \u0219i se umple totodat\u0103 cu o furie protectoare.<\/p>\n<p data-start=\"5427\" data-end=\"5852\">Am luat o decizie rapid\u0103: i\u2011am spus Martei s\u0103 \u00ee\u0219i ia geanta cu rechizite \u0219i juc\u0103ria preferat\u0103. I\u2011am schimbat dulapul \u2014 am scos din buzunar c\u00e2teva lei pe care \u00eei aveam, i\u2011am dat micul dejun pe care l\u2011am adus \u0219i i\u2011am spus c\u0103 plec\u0103m la mine. Silvia a \u00eenceput s\u0103 \u021bipe, Ricardo a amenin\u021bat cu procese, dar eu am r\u0103spuns calm: \u201eDac\u0103 nu sunte\u021bi \u00een stare s\u0103 oferi\u021bi un loc decent pentru nepoata mea, eu o voi cre\u0219te. \u0218i am dovezile.\u201d<\/p>\n<p data-start=\"5854\" data-end=\"6325\">La Prim\u0103rie, oamenii cu care am vorbit m\u2011au ascultat. Am depus o sesizare la Protec\u021bia Copilului. Am vorbit cu preotul din vecin\u0103tate, un om simplu care m\u2011a \u00eentrebat doar: \u201eCopila are nevoie de lini\u0219te, Julieta. O primim la biseric\u0103, la mas\u0103, o vindec\u0103m cu dragostea de acas\u0103.\u201d C\u00e2teva zile mai t\u00e2rziu, socialul a \u00eenceput o anchet\u0103. Vecinii au vorbit, au relatat ce au v\u0103zut. Silvia \u0219i Ricardo au pierdut din autoritate, iar oamenii au \u00een\u021beles c\u0103 nu mai era loc de t\u0103ceri.<\/p>\n<p data-start=\"6327\" data-end=\"6671\">Am \u00eenceput s\u0103 \u00eei dau Martei serile cu pove\u0219ti \u0219i dimine\u021bi cu m\u0103m\u0103lig\u0103 cald\u0103. I\u2011am cusut o rochi\u021b\u0103 nou\u0103 ca pentru \u0219coal\u0103 \u0219i i\u2011am cump\u0103rat un ghiozdan. \u00cen prima noapte la mine, Marta a adormit \u021bin\u00e2ndu\u2011mi degetul. A oftat ad\u00e2nc \u0219i, \u00eenainte s\u0103 se scufunde \u00een somn, mi\u2011a \u0219optit: \u201eBunica, \u0219tiam c\u0103 vei veni.\u201d Am z\u00e2mbit \u0219i m\u2011am culcat cu inima u\u0219oar\u0103.<\/p>\n<p data-start=\"6673\" data-end=\"7146\">C\u00e2teva luni mai t\u00e2rziu, dup\u0103 audieri \u0219i vizite de control, autorit\u0103\u021bile au decis c\u0103 Marta avea nevoie de un mediu stabil \u0219i protector. Am primit o decizie temporar\u0103 de \u00eencredin\u021bare, p\u00e2n\u0103 se va stabili custodia pe termen lung. Ricardo a fost obligat s\u0103 urmeze consiliere, iar Silvia a primit un termen s\u0103 \u00ee\u0219i schimbe comportamentul. Nu a fost o izb\u00e2nd\u0103 de o clip\u0103, ci o lupt\u0103 bureaucratic\u0103, plin\u0103 de h\u00e2rtii \u0219i discu\u021bii, dar eu aveam r\u0103bdare. Eu \u0219tiam c\u0103 dreptatea cere timp.<\/p>\n<p data-start=\"7148\" data-end=\"7422\">\u00cen sat, lumea a vorbit. La un moment dat, pe masa noastr\u0103 au ap\u0103rut sarmale \u2014 f\u0103cute de vecina de peste drum care ascultase toat\u0103 povestea. A\u0219ezat\u0103 la mas\u0103, Marta a r\u00e2s cu poft\u0103 pentru prima dat\u0103 \u00een luni. Am pus o m\u00e2n\u0103 peste a ei \u0219i i\u2011am spus c\u0103 acum are voie s\u0103 fie copil\u0103.<\/p>\n<p data-start=\"7424\" data-end=\"8020\" data-is-last-node=\"\" data-is-only-node=\"\">Finalul nu a fost o r\u0103zbunare \u00een fa\u021ba lumii, ci o restabilire a demnit\u0103\u021bii. Casa pe care o pl\u0103tisem mul\u021bi ani a devenit din nou un ad\u0103post. Nu pentru mine neap\u0103rat, ci pentru nepoata mea. Am ref\u0103cut cheile, am pus flori la fereastr\u0103 \u0219i am \u00eenceput s\u0103 scriu pove\u0219ti pe care i le spuneam la culcare. Nu era doar victoria unei b\u0103tr\u00e2ne; era \u00eenceputul unei noi vie\u021bi pentru o feti\u021b\u0103 care, de acum \u00eenainte, va cunoa\u0219te joaca, nu munca. \u0218i c\u00e2nd, la Cr\u0103ciun, Marta a c\u00e2ntat cu vocea ei mic\u0103 colinde la biseric\u0103, am pl\u00e2ns de fericire \u2014 \u0219tiind c\u0103 t\u0103cerea mea de ieri s\u2011a transformat \u00een curajul de a o salva.<\/p>\n","protected":false},"excerpt":{"rendered":"<p>Am intrat \u00een t\u0103cere, sim\u021bind cum mi se str\u00e2nge inima cu fiecare pas pe hol. Casa mirosea a pr\u0103jituri r\u0103mase de la s\u0103rb\u0103tori \u0219i a detergent; o normalitate fals\u0103 care acoperea o nedreptate. \u00cen sufragerie, televizorul murmur\u0103 o emisiune, iar pe canapea, C\u00e9sar \u0219i Antonio st\u0103teau coco\u021ba\u021bi, m\u00e2nc\u00e2nd covrigi. Marta era \u00een baie, cu fa\u021ba [&hellip;]<\/p>\n","protected":false},"author":1,"featured_media":7874,"comment_status":"closed","ping_status":"closed","sticky":false,"template":"","format":"standard","meta":{"footnotes":""},"categories":[18],"tags":[],"class_list":["post-7873","post","type-post","status-publish","format-standard","has-post-thumbnail","hentry","category-povesti"],"_links":{"self":[{"href":"https:\/\/bumzi.ro\/index.php?rest_route=\/wp\/v2\/posts\/7873","targetHints":{"allow":["GET"]}}],"collection":[{"href":"https:\/\/bumzi.ro\/index.php?rest_route=\/wp\/v2\/posts"}],"about":[{"href":"https:\/\/bumzi.ro\/index.php?rest_route=\/wp\/v2\/types\/post"}],"author":[{"embeddable":true,"href":"https:\/\/bumzi.ro\/index.php?rest_route=\/wp\/v2\/users\/1"}],"replies":[{"embeddable":true,"href":"https:\/\/bumzi.ro\/index.php?rest_route=%2Fwp%2Fv2%2Fcomments&post=7873"}],"version-history":[{"count":1,"href":"https:\/\/bumzi.ro\/index.php?rest_route=\/wp\/v2\/posts\/7873\/revisions"}],"predecessor-version":[{"id":7875,"href":"https:\/\/bumzi.ro\/index.php?rest_route=\/wp\/v2\/posts\/7873\/revisions\/7875"}],"wp:featuredmedia":[{"embeddable":true,"href":"https:\/\/bumzi.ro\/index.php?rest_route=\/wp\/v2\/media\/7874"}],"wp:attachment":[{"href":"https:\/\/bumzi.ro\/index.php?rest_route=%2Fwp%2Fv2%2Fmedia&parent=7873"}],"wp:term":[{"taxonomy":"category","embeddable":true,"href":"https:\/\/bumzi.ro\/index.php?rest_route=%2Fwp%2Fv2%2Fcategories&post=7873"},{"taxonomy":"post_tag","embeddable":true,"href":"https:\/\/bumzi.ro\/index.php?rest_route=%2Fwp%2Fv2%2Ftags&post=7873"}],"curies":[{"name":"wp","href":"https:\/\/api.w.org\/{rel}","templated":true}]}}