{"id":828,"date":"2025-07-15T07:26:40","date_gmt":"2025-07-15T07:26:40","guid":{"rendered":"https:\/\/bumzi.ro\/?p=828"},"modified":"2025-07-15T07:26:40","modified_gmt":"2025-07-15T07:26:40","slug":"cand-rudele-ii-admirau-chipul-bebelusului-mama-lui-ion-a-palit-brusc-si-a-spus-ca-baiatul-nu-e-al-lui","status":"publish","type":"post","link":"https:\/\/bumzi.ro\/?p=828","title":{"rendered":"C\u00e2nd rudele \u00eei admirau chipul bebelu\u0219ului, mama lui Ion a p\u0103lit brusc \u0219i a spus c\u0103 b\u0103iatul nu e al lui"},"content":{"rendered":"<p>Ion se \u00eent\u00e2lnea cu Emilia de un an, dar \u00eenc\u0103 nu \u00eendr\u0103znea s\u0103 o prezinte p\u0103rin\u021bilor. Mama lui nu \u00eei pl\u0103cuse niciodat\u0103 nicio fat\u0103 din rela\u021biile anterioare, a\u0219a c\u0103 Ion evita s\u0103 o aduc\u0103 pe Emilia acas\u0103. De\u0219i o iubea \u0219i voia s\u0103 o aib\u0103 aproape, nu \u0219tia cum s\u0103\u2011i vorbeasc\u0103 mamei despre ea. Femeia avea propriile preferin\u021be privind viitoarea nor\u0103 \u0219i credea c\u0103 are \u00eentotdeauna dreptate, iar Ion nu voia s\u0103 aud\u0103 p\u0103rerea ei.<\/p>\n<p>C\u00e2nd Emilia i\u2011a spus c\u0103 este \u00eens\u0103rcinat\u0103, Ion a \u00een\u021beles c\u0103 momentul prezent\u0103rii nu mai putea fi am\u00e2nat. La prima vizit\u0103, i\u2011a cerut m\u00e2na, iar cei doi s\u2011au c\u0103s\u0103torit. Ion nu a dat mare importan\u021b\u0103 reac\u021biei mamei, l\u0103s\u00e2nd\u2011o s\u0103 accepte situa\u021bia. Spre surprinderea lui, Emilia i\u2011a pl\u0103cut: mama i\u2011a f\u0103cut complimente pentru frumuse\u021be \u0219i pentru bunul\u2011sim\u021b.<\/p>\n<p>\u015ease luni au trecut ca o clip\u0103, iar familia lui Ion a mers la maternitate pentru a\u2011l \u00eent\u00e2mpina pe noul\u2011n\u0103scut. \u00cen timp ce admirau chipul bebelu\u015fului, mama lui Ion s\u2011a albit la fa\u0163\u0103 \u015fi a spus c\u0103 b\u0103iatul nu este al lui: nu sem\u0103na deloc cu Ion. El a ignorat remar\u00adca \u015fi a asigurat\u2011o c\u0103, pe m\u0103sur\u0103 ce copilul va cre\u015fte, asem\u0103narea se va vedea. Credea c\u0103 e prea devreme pentru concluzii.<\/p>\n<p>Emilia, \u00eens\u0103, a p\u0103lit la vorbele soacrei, de\u015fi Ion n\u2011a observat; a spus doar c\u0103 se simte r\u0103u. Soacra i\u2011a notat reac\u0163ia \u015fi a devenit suspicioas\u0103. Curioas\u0103 ce ar putea ascunde Emilia, a discutat cu so\u0163ul s\u0103u \u015fi, profit\u00e2nd de o zi \u00een care nora trebuia s\u0103 ias\u0103 singur\u0103, s\u2011a oferit s\u0103 stea cu nepotul \u2014 iar Emilia a acceptat.<\/p>\n<p>Dup\u0103 trei s\u0103pt\u0103m\u00e2ni, p\u0103rin\u0163ii lui Ion au venit la el cu priviri acuzatoare. I\u2011au ar\u0103tat un test ADN ce demonstra c\u0103 ei nu au leg\u0103tur\u0103 biologic\u0103 cu bebelu\u015ful. Emilia a t\u0103cut, dar Ion i\u2011a luat ap\u0103rarea \u015fi a sugerat c\u0103 e posibil\u0103 o \u00eencurc\u0103tur\u0103. A promis c\u0103 a doua zi va face el \u00eensu\u015fi testul. Trei s\u0103pt\u0103m\u00e2ni mai t\u00e2rziu, rezultatul a confirmat c\u0103 Ion este tat\u0103l biologic al copilului \u00een propor\u0163ie de 99\u202f%.<\/p>\n<p>Emilia a r\u0103suflat u\u015furat\u0103 \u015fi i\u2011a m\u0103rturisit so\u0163ului c\u0103 nu \u00ee\u015fi dore\u015fte ne\u00een\u0163elegeri \u00eentre ei. I\u2011a povestit c\u0103 era deja gravid\u0103 \u00een prima lun\u0103 atunci c\u00e2nd, \u00eentr\u2011o zi \u00een care Ion era plecat, un fost prieten a venit \u00een vizit\u0103. Au b\u0103ut ceai, iar dup\u0103 aceea ea nu\u2011\u015fi mai aminte\u015fte nimic; b\u0103nuia c\u0103 el \u00eei pusese ceva \u00een b\u0103utur\u0103. Diminea\u0163a a \u00een\u0163eles c\u0103 profitase de ea. C\u00e2nd soacra a spus c\u0103 bebelu\u015ful nu seam\u0103n\u0103, Emilia s\u2011a speriat c\u0103 ar putea fi adev\u0103rat. Totu\u015fi nu \u00een\u0163elegea de ce ADN\u2011ul bunicilor nu corespunde. Poate ar trebui s\u0103\u2011l \u00eentrebe pe Ion despre mama lui?<\/p>\n","protected":false},"excerpt":{"rendered":"<p>Ion se \u00eent\u00e2lnea cu Emilia de un an, dar \u00eenc\u0103 nu \u00eendr\u0103znea s\u0103 o prezinte p\u0103rin\u021bilor. Mama lui nu \u00eei pl\u0103cuse niciodat\u0103 nicio fat\u0103 din rela\u021biile anterioare, a\u0219a c\u0103 Ion evita s\u0103 o aduc\u0103 pe Emilia acas\u0103. De\u0219i o iubea \u0219i voia s\u0103 o aib\u0103 aproape, nu \u0219tia cum s\u0103\u2011i vorbeasc\u0103 mamei despre ea. Femeia [&hellip;]<\/p>\n","protected":false},"author":1,"featured_media":829,"comment_status":"closed","ping_status":"closed","sticky":false,"template":"","format":"standard","meta":{"footnotes":""},"categories":[18],"tags":[],"class_list":["post-828","post","type-post","status-publish","format-standard","has-post-thumbnail","hentry","category-povesti"],"_links":{"self":[{"href":"https:\/\/bumzi.ro\/index.php?rest_route=\/wp\/v2\/posts\/828","targetHints":{"allow":["GET"]}}],"collection":[{"href":"https:\/\/bumzi.ro\/index.php?rest_route=\/wp\/v2\/posts"}],"about":[{"href":"https:\/\/bumzi.ro\/index.php?rest_route=\/wp\/v2\/types\/post"}],"author":[{"embeddable":true,"href":"https:\/\/bumzi.ro\/index.php?rest_route=\/wp\/v2\/users\/1"}],"replies":[{"embeddable":true,"href":"https:\/\/bumzi.ro\/index.php?rest_route=%2Fwp%2Fv2%2Fcomments&post=828"}],"version-history":[{"count":1,"href":"https:\/\/bumzi.ro\/index.php?rest_route=\/wp\/v2\/posts\/828\/revisions"}],"predecessor-version":[{"id":830,"href":"https:\/\/bumzi.ro\/index.php?rest_route=\/wp\/v2\/posts\/828\/revisions\/830"}],"wp:featuredmedia":[{"embeddable":true,"href":"https:\/\/bumzi.ro\/index.php?rest_route=\/wp\/v2\/media\/829"}],"wp:attachment":[{"href":"https:\/\/bumzi.ro\/index.php?rest_route=%2Fwp%2Fv2%2Fmedia&parent=828"}],"wp:term":[{"taxonomy":"category","embeddable":true,"href":"https:\/\/bumzi.ro\/index.php?rest_route=%2Fwp%2Fv2%2Fcategories&post=828"},{"taxonomy":"post_tag","embeddable":true,"href":"https:\/\/bumzi.ro\/index.php?rest_route=%2Fwp%2Fv2%2Ftags&post=828"}],"curies":[{"name":"wp","href":"https:\/\/api.w.org\/{rel}","templated":true}]}}