{"id":898,"date":"2025-07-16T04:02:13","date_gmt":"2025-07-16T04:02:13","guid":{"rendered":"https:\/\/bumzi.ro\/?p=898"},"modified":"2025-07-16T04:02:13","modified_gmt":"2025-07-16T04:02:13","slug":"atentie-varsta-de-pensionare-a-fost-modificata-din-nou","status":"publish","type":"post","link":"https:\/\/bumzi.ro\/?p=898","title":{"rendered":"Aten\u021bie! V\u00e2rsta de pensionare a fost modificat\u0103 din nou!"},"content":{"rendered":"<p>Reforma pensiilor speciale se \u00eentoarce pe masa Guvernului, iar una dintre schimb\u0103rile certe anun\u021bate este cre\u0219terea v\u00e2rstei de pensionare p\u00e2n\u0103 la 65 de ani, a spus ministrul Muncii, Petre-Florin Manole, \u00eentr-o declara\u021bie f\u0103cut\u0103 joi.<\/p>\n<p>Potrivit acestuia, modific\u0103rile sunt impuse de o decizie recent\u0103 a Cur\u021bii Constitu\u021bionale, iar proiectul va fi elaborat \u00eempreun\u0103 cu Ministerul Justi\u021biei, \u00eentr-un grup de lucru care nu va avea un calendar prea lung, ci de doar c\u00e2teva s\u0103pt\u0103m\u00e2ni.<\/p>\n<p>Cre\u0219terea v\u00e2rstei, reducerea pensiei \u0219i penaliz\u0103ri la anticipat\u0103<\/p>\n<p>\u201eReforma pensiilor speciale, pe care va trebui s\u0103 o relu\u0103m din cauza unei decizii nefaste a Cur\u0163ii Constitu\u0163ionale, va presupune mai multe lucruri. C\u00e2teva dintre ele vi le pot spune, pentru c\u0103 sunt deja clare. Restul se vor clarifica \u00eentr-un grup de lucru \u00eentre Ministerul Muncii \u015fi Ministerul Justi\u0163iei, care nu va avea un termen de lucru foarte \u00eendelungat, de s\u0103pt\u0103m\u00e2ni\u201d, a declarat ministrul.<\/p>\n<p>Manole a spus c\u0103 una dintre certitudini este cre\u0219terea v\u00e2rstei de pensionare p\u00e2n\u0103 la 65 de ani, printr-un proiect de lege ce va ajunge \u00een Parlament.<\/p>\n<p>\u201eEste, o dat\u0103, o egalizare \u015fi, pe de alt\u0103 parte, ceea ce \u00een trecut a reprezentat o \u0163int\u0103 gradual\u0103, adic\u0103 v\u00e2rsta de pensionare cre\u015ftea treptat. Magistra\u0163ii \u015ftiu foarte bine la ce m\u0103 refer, c\u0103 au contestat, din p\u0103cate, proiectul acesta \u015fi cred c\u0103 a fost o idee gre\u015fit\u0103.\u201d<\/p>\n<p>Ministrul a ad\u0103ugat c\u0103, potrivit formei actuale a proiectului, se va p\u0103stra \u0219i op\u021biunea pension\u0103rii anticipate, dar cu penalizare.<\/p>\n<p>\u201eDac\u0103 draftul acesta r\u0103m\u00e2ne \u015fi \u00een form\u0103 final\u0103, la fel cum se \u00eent\u00e2mpl\u0103 \u015fi la pensiile celelalte, po\u0163i ie\u015fi anticipat la pensie \u00eenainte de v\u00e2rst\u0103, cu penalizare. Prime\u015fti o pensie mai mic\u0103, cu un indice de corec\u0163ie care dispare \u00een fiecare an pe m\u0103sur\u0103 ce te apropii de pragul pe care \u00eel stabile\u015fte legea.\u201d<\/p>\n<p>\u00cen ce prive\u0219te reducerea cuantumului pensiilor speciale, ministrul a precizat c\u0103 se discut\u0103 despre sc\u0103derea ratei de \u00eenlocuire \u2013 adic\u0103 propor\u021bia dintre salariul din activitate \u0219i pensia primit\u0103 \u2013 de la 80% la 65%.<\/p>\n<p>\u201eAvem un indice de \u00eenlocuire, cum se nume\u015fte el. Adic\u0103 \u00een ce m\u0103sur\u0103 veniturile tale salariale sunt \u00eenlocuite de veniturile din pensii. \u00cenc\u0103 o dat\u0103, o spun cu re\u0163inere, pentru c\u0103 nu este \u00eenc\u0103 o decizie, dar propunerea este ca rata de \u00eenlocuire s\u0103 scad\u0103 de la 80% la 65% din venituri. \u00cenc\u0103 o dat\u0103 spun: toate lucrurile acestea sunt sub rezerva faptului c\u0103 proiectul nu este finalizat.\u201d<\/p>\n<p>Ministrul a \u021binut s\u0103 sublinieze c\u0103 aceste procente se refer\u0103 strict la raportul dintre veniturile din timpul activit\u0103\u021bii \u0219i pensia pe care o primesc beneficiarii dup\u0103 ie\u0219irea din sistem.<\/p>\n<p>\u201eAceste procente reprezint\u0103 rata de \u00eenlocuire apropo de veniturile din timpul activit\u0103\u0163ii. Este un subiect prea sensibil \u015fi, din p\u0103cate, clasa politic\u0103 a e\u015fuat de at\u00e2tea ori \u00een a rezolva problema, \u00eenc\u00e2t am re\u0163inerea unui proiect nefinalizat. Nu va dura mai mult de c\u00e2teva s\u0103pt\u0103m\u00e2ni.\u201d, a spus Petre-Florin Manole.<\/p>\n<p>\u00centrebat dac\u0103 modific\u0103rile anun\u021bate \u2013 cre\u0219terea v\u00e2rstei de pensionare \u0219i sc\u0103derea beneficiilor \u2013 ar putea duce la un val de plec\u0103ri din magistratur\u0103, ministrul a precizat c\u0103 sistemul ar trebui s\u0103 compenseze eventualele ie\u0219iri cu mai multe intr\u0103ri.<\/p>\n<p>\u201eAr trebui s\u0103 avem dinspre INM (Institutul Na\u0163ional al Magistraturii, n.r.) mai mul\u0163i oameni care intr\u0103 \u00een sistem. Dimensiunea sistemului nu este dat\u0103 doar de eventualele ie\u015firi, ci \u015fi de eventualele intr\u0103ri. Cred c\u0103 aceast\u0103 carier\u0103 din magistratur\u0103 e o carier\u0103 atractiv\u0103, ast\u0103zi. S-ar putea s\u0103 fie unii care s\u0103-\u015fi doreasc\u0103 s\u0103 ias\u0103 din sistem.\u201d<\/p>\n<p>\u00cen plus, Manole a oferit un exemplu comparativ cu alte profesii, suger\u00e2nd c\u0103 unii magistra\u021bi vor dori s\u0103 r\u0103m\u00e2n\u0103 activi \u0219i dup\u0103 v\u00e2rsta standard.<\/p>\n<p>\u201eVede\u0163i, sunt profesori care \u00ee\u015fi doresc s\u0103 predea p\u00e2n\u0103 la peste 65 de ani, pentru c\u0103 vor s\u0103-\u015fi continue meseria. A\u015fadar, cred c\u0103 \u015fi la magistra\u0163i sunt oameni \u00een aceast\u0103 categorie, c\u0103rora le place meseria lor, vor s\u0103-\u015fi fac\u0103 aceast\u0103 meserie \u015fi nu se pensioneaz\u0103 nici ast\u0103zi, vor s\u0103 stea mai mult \u00een magistratur\u0103.\u201d<\/p>\n<p>Declara\u021biile vin \u00een contextul \u00een care o decizie a Cur\u021bii Constitu\u021bionale a obligat autorit\u0103\u021bile s\u0103 reg\u00e2ndeasc\u0103 legisla\u021bia pensiilor speciale, dup\u0103 ce o parte dintre prevederi au fost declarate neconstitu\u021bionale. \u00cen forma actual\u0103, reforma urmeaz\u0103 s\u0103 fie ajustat\u0103 \u0219i definitivat\u0103 \u00eentr-un termen scurt, \u00eenainte de a fi trimis\u0103 \u00een Parlament.<\/p>\n","protected":false},"excerpt":{"rendered":"<p>Reforma pensiilor speciale se \u00eentoarce pe masa Guvernului, iar una dintre schimb\u0103rile certe anun\u021bate este cre\u0219terea v\u00e2rstei de pensionare p\u00e2n\u0103 la 65 de ani, a spus ministrul Muncii, Petre-Florin Manole, \u00eentr-o declara\u021bie f\u0103cut\u0103 joi. Potrivit acestuia, modific\u0103rile sunt impuse de o decizie recent\u0103 a Cur\u021bii Constitu\u021bionale, iar proiectul va fi elaborat \u00eempreun\u0103 cu Ministerul Justi\u021biei, [&hellip;]<\/p>\n","protected":false},"author":1,"featured_media":899,"comment_status":"closed","ping_status":"closed","sticky":false,"template":"","format":"standard","meta":{"footnotes":""},"categories":[7],"tags":[],"class_list":["post-898","post","type-post","status-publish","format-standard","has-post-thumbnail","hentry","category-stiri"],"_links":{"self":[{"href":"https:\/\/bumzi.ro\/index.php?rest_route=\/wp\/v2\/posts\/898","targetHints":{"allow":["GET"]}}],"collection":[{"href":"https:\/\/bumzi.ro\/index.php?rest_route=\/wp\/v2\/posts"}],"about":[{"href":"https:\/\/bumzi.ro\/index.php?rest_route=\/wp\/v2\/types\/post"}],"author":[{"embeddable":true,"href":"https:\/\/bumzi.ro\/index.php?rest_route=\/wp\/v2\/users\/1"}],"replies":[{"embeddable":true,"href":"https:\/\/bumzi.ro\/index.php?rest_route=%2Fwp%2Fv2%2Fcomments&post=898"}],"version-history":[{"count":1,"href":"https:\/\/bumzi.ro\/index.php?rest_route=\/wp\/v2\/posts\/898\/revisions"}],"predecessor-version":[{"id":900,"href":"https:\/\/bumzi.ro\/index.php?rest_route=\/wp\/v2\/posts\/898\/revisions\/900"}],"wp:featuredmedia":[{"embeddable":true,"href":"https:\/\/bumzi.ro\/index.php?rest_route=\/wp\/v2\/media\/899"}],"wp:attachment":[{"href":"https:\/\/bumzi.ro\/index.php?rest_route=%2Fwp%2Fv2%2Fmedia&parent=898"}],"wp:term":[{"taxonomy":"category","embeddable":true,"href":"https:\/\/bumzi.ro\/index.php?rest_route=%2Fwp%2Fv2%2Fcategories&post=898"},{"taxonomy":"post_tag","embeddable":true,"href":"https:\/\/bumzi.ro\/index.php?rest_route=%2Fwp%2Fv2%2Ftags&post=898"}],"curies":[{"name":"wp","href":"https:\/\/api.w.org\/{rel}","templated":true}]}}