{"id":9311,"date":"2025-10-18T05:17:34","date_gmt":"2025-10-18T05:17:34","guid":{"rendered":"https:\/\/bumzi.ro\/?p=9311"},"modified":"2025-10-18T05:17:34","modified_gmt":"2025-10-18T05:17:34","slug":"apropiat-al-lui-gigi-becali-a-incetat-din-viata","status":"publish","type":"post","link":"https:\/\/bumzi.ro\/?p=9311","title":{"rendered":"Apropiat al lui Gigi Becali a \u00eencetat din via\u021b\u0103"},"content":{"rendered":"<p><span class=\"first-paragraph\">Vestea mor\u021bii lui\u00a0<strong>Vlad Vasilescu<\/strong>, fost portar al echipei de hochei Steaua din anii \u201980 \u0219i apropiat al lui\u00a0<strong>Gigi Becali<\/strong>, a \u00eendurerat profund lumea sportului rom\u00e2nesc. Patronul FCSB a pierdut un prieten vechi, al\u0103turi de care a \u00eemp\u0103r\u021bit multe momente de via\u021b\u0103, dincolo de terenul de sport.<\/span><\/p>\n<h3>Gigi Becali, afectat de pierderea unui om pe care \u00eel considera din familie<\/h3>\n<p>Surse apropiate latifundiarului din Pipera spun c\u0103\u00a0<strong>Gigi Becali a primit vestea cu mare triste\u021be<\/strong>, \u00eentruc\u00e2t \u00eel lega o rela\u021bie str\u00e2ns\u0103 de prietenie de Vlad Vasilescu, cunoscut \u00een cercurile sportive sub porecla \u201eVlad Lapte\u201d. Cei doi se \u00eent\u00e2lneau des, iar \u00een ultimii ani, Becali l-a sprijinit discret \u00een lupta cu boala necru\u021b\u0103toare.<\/p>\n<p>\u201e<strong>Gigi \u00eel respecta mult pe Vlad<\/strong>, \u00eel considera un om loial, cu suflet bun \u0219i cu o t\u0103rie de caracter rar\u0103. A fost mereu al\u0103turi de el, chiar \u0219i \u00een momentele grele\u201d, au m\u0103rturisit persoane din anturajul FCSB.<\/p>\n<h3>O prietenie care a \u00eenceput \u00een anii \u201990<\/h3>\n<p>Leg\u0103tura dintre cei doi s-a n\u0103scut \u00een\u00a0<strong>anii \u201990<\/strong>, \u00eentr-o perioad\u0103 \u00een care Vlad Vasilescu revenise \u00een \u021bar\u0103 din Suedia, dup\u0103 ce p\u0103r\u0103sise Rom\u00e2nia \u00eenainte de Revolu\u021bie. Re\u00eentors \u00een Capital\u0103, fostul sportiv a devenit o prezen\u021b\u0103 constant\u0103 \u00een cluburile de lux \u0219i cazinourile bucure\u0219tene, locuri unde l-a cunoscut pe Gigi Becali \u2014 pe atunci un om de afaceri aflat la \u00eenceputul ascensiunii sale.<\/p>\n<p>De-a lungul timpului,\u00a0<strong>cei doi au r\u0103mas apropia\u021bi<\/strong>, petrec\u00e2nd deseori timpul \u00eempreun\u0103, al\u0103turi de\u00a0<strong>Ionu\u021b Lu\u021bu<\/strong>, omul de \u00eencredere al lui Becali. Erau adesea v\u0103zu\u021bi la restaurante \u0219i terase exclusiviste din Bucure\u0219ti, printre care \u0219i celebrul\u00a0<strong>Nuba<\/strong>, loc preferat de lumea monden\u0103.<\/p>\n<h3>De la succes sportiv la sprijin pentru hocheiul rom\u00e2nesc<\/h3>\n<p>\u00cen tinere\u021be, Vlad Vasilescu a fost un\u00a0<strong>nume respectat \u00een hocheiul rom\u00e2nesc<\/strong>, ap\u0103r\u00e2nd poarta Stelei \u00eentr-o perioad\u0103 \u00een care clubul domina competi\u021biile interne. Dup\u0103 retragere, nu a rupt leg\u0103tura cu sportul \u2014 dimpotriv\u0103, a devenit\u00a0<strong>pre\u0219edinte onorific \u0219i sponsor al sec\u021biei de hochei a CSA Steaua Bucure\u0219ti<\/strong>, contribuind financiar la men\u021binerea tradi\u021biei acestui sport \u00een Rom\u00e2nia.<\/p>\n<p>\u201eA fost un stelist adev\u0103rat p\u00e2n\u0103 \u00een ultima clip\u0103\u201d, spun fo\u0219tii s\u0103i colegi de echip\u0103.<\/p>\n<h3>Ultimii ani \u2013 o via\u021b\u0103 modest\u0103, dar demn\u0103<\/h3>\n<p>\u00cen ultimii ani, Vlad Vasilescu a ales\u00a0<strong>discre\u021bia \u0219i lini\u0219tea<\/strong>. \u0218i-a dedicat timpul familiei \u0219i celor doi fii, al\u0103turi de care a deschis o sp\u0103l\u0103torie auto devenit\u0103 o mic\u0103 afacere de succes. Chiar dac\u0103 s\u0103n\u0103tatea \u00eei d\u0103dea semne de sl\u0103biciune, a r\u0103mas optimist \u0219i \u00eencrez\u0103tor p\u00e2n\u0103 la final.<\/p>\n<p>\u201e<strong>Nu s-a pl\u00e2ns niciodat\u0103<\/strong>, de\u0219i boala \u00eel m\u0103cina. A fost un om puternic, ca pe ghea\u021b\u0103 \u2014 a \u0219tiut mereu s\u0103 \u00eenfrunte via\u021ba cu fruntea sus\u201d, au spus apropia\u021bii.<\/p>\n<h3>Gigi Becali, mesaj emo\u021bionant<\/h3>\n<p>De\u0219i nu a f\u0103cut \u00eenc\u0103 o declara\u021bie public\u0103,\u00a0<strong>surse apropiate familiei Becali<\/strong>\u00a0spun c\u0103 patronul FCSB a transmis condolean\u021be familiei Vasilescu \u0219i ar putea participa la \u00eenmorm\u00e2ntare. \u201ePentru Gigi, Vlad nu era doar un fost sportiv sau un cunoscut, era un\u00a0<strong>om de suflet<\/strong>\u201d, spun acelea\u0219i surse.<\/p>\n","protected":false},"excerpt":{"rendered":"<p>Vestea mor\u021bii lui\u00a0Vlad Vasilescu, fost portar al echipei de hochei Steaua din anii \u201980 \u0219i apropiat al lui\u00a0Gigi Becali, a \u00eendurerat profund lumea sportului rom\u00e2nesc. Patronul FCSB a pierdut un prieten vechi, al\u0103turi de care a \u00eemp\u0103r\u021bit multe momente de via\u021b\u0103, dincolo de terenul de sport. Gigi Becali, afectat de pierderea unui om pe care [&hellip;]<\/p>\n","protected":false},"author":1,"featured_media":9167,"comment_status":"closed","ping_status":"closed","sticky":false,"template":"","format":"standard","meta":{"footnotes":""},"categories":[7],"tags":[],"class_list":["post-9311","post","type-post","status-publish","format-standard","has-post-thumbnail","hentry","category-stiri"],"_links":{"self":[{"href":"https:\/\/bumzi.ro\/index.php?rest_route=\/wp\/v2\/posts\/9311","targetHints":{"allow":["GET"]}}],"collection":[{"href":"https:\/\/bumzi.ro\/index.php?rest_route=\/wp\/v2\/posts"}],"about":[{"href":"https:\/\/bumzi.ro\/index.php?rest_route=\/wp\/v2\/types\/post"}],"author":[{"embeddable":true,"href":"https:\/\/bumzi.ro\/index.php?rest_route=\/wp\/v2\/users\/1"}],"replies":[{"embeddable":true,"href":"https:\/\/bumzi.ro\/index.php?rest_route=%2Fwp%2Fv2%2Fcomments&post=9311"}],"version-history":[{"count":1,"href":"https:\/\/bumzi.ro\/index.php?rest_route=\/wp\/v2\/posts\/9311\/revisions"}],"predecessor-version":[{"id":9312,"href":"https:\/\/bumzi.ro\/index.php?rest_route=\/wp\/v2\/posts\/9311\/revisions\/9312"}],"wp:featuredmedia":[{"embeddable":true,"href":"https:\/\/bumzi.ro\/index.php?rest_route=\/wp\/v2\/media\/9167"}],"wp:attachment":[{"href":"https:\/\/bumzi.ro\/index.php?rest_route=%2Fwp%2Fv2%2Fmedia&parent=9311"}],"wp:term":[{"taxonomy":"category","embeddable":true,"href":"https:\/\/bumzi.ro\/index.php?rest_route=%2Fwp%2Fv2%2Fcategories&post=9311"},{"taxonomy":"post_tag","embeddable":true,"href":"https:\/\/bumzi.ro\/index.php?rest_route=%2Fwp%2Fv2%2Ftags&post=9311"}],"curies":[{"name":"wp","href":"https:\/\/api.w.org\/{rel}","templated":true}]}}