{"id":9425,"date":"2025-10-20T06:09:44","date_gmt":"2025-10-20T06:09:44","guid":{"rendered":"https:\/\/bumzi.ro\/?p=9425"},"modified":"2025-10-20T06:09:44","modified_gmt":"2025-10-20T06:09:44","slug":"tragedie-in-lumea-motorsportului","status":"publish","type":"post","link":"https:\/\/bumzi.ro\/?p=9425","title":{"rendered":"Tragedie \u00een lumea motorsportului"},"content":{"rendered":"<p>Motociclistul portughez Jorge Brandao, \u00een v\u00e2rst\u0103 de 46 de ani, a decedat vineri, 17 octombrie 2025, \u00een urma unui accident grav petrecut \u00een timpul Raliului Marocului, \u00een apropierea kilometrului 214 al traseului. Incidentul a avut loc aproape de finalul etapei, iar pilotul a fost transportat de urgen\u021b\u0103 la spitalul din Erfoud, unde a fost declarat decedat \u00een jurul orei locale 13:55. Federa\u021bia Interna\u021bional\u0103 de Motociclism (FIM) a confirmat oficial tragedia \u0219i a transmis condolean\u021be familiei \u0219i comunit\u0103\u021bii sportive.<\/p>\n<h2>Accidentul \u0219i interven\u021bia medical\u0103<\/h2>\n<p>Jorge Brandao a suferit o c\u0103z\u0103tur\u0103 \u00eentr-o zon\u0103 dificil\u0103 cu dune de nisip, \u00een apropierea kilometrului 214 al Raliului Marocului. Dup\u0103 ce a fost asistat de echipele medicale la fa\u021ba locului, pilotul a fost evacuat cu elicopterul spre spitalul din Erfoud. Din p\u0103cate, \u00een ciuda eforturilor medicilor, Brandao a decedat \u00een jurul orei 13:55, ora local\u0103.<\/p>\n<h2>Reac\u021bia Federa\u021biei Interna\u021bionale de Motociclism<\/h2>\n<p>Federa\u021bia Interna\u021bional\u0103 de Motociclism a transmis un comunicat oficial \u00een care a confirmat cu triste\u021be decesul sportivului:\u00a0<em>\u201eFIM confirm\u0103, cu triste\u021be, decesul pilotului portughez Jorge Brandao \u00een urma unui accident produs \u00een a cincea etap\u0103 a Raliului Marocului, pe 17 octombrie 2025.\u201d<\/em><\/p>\n<p>Organiza\u021bia a ad\u0103ugat:\u00a0<em>\u201eN\u0103scut la Arouca, \u00een Portugalia, Jorge a fost un pilot experimentat, at\u00e2t \u00een raliurile de enduro, c\u00e2t \u0219i \u00een cele de cross-country la nivel na\u021bional \u0219i interna\u021bional. \u00cen numele familiei FIM, al Raliului Marocului \u0219i al Campionatului Mondial de Rally-Raid, transmitem cele mai sincere condolean\u021be familiei lui Jorge \u0219i numero\u0219ilor s\u0103i prieteni.\u201d<\/em>\u00a0Declara\u021bia a fost publicat\u0103 pe\u00a0<a href=\"https:\/\/www.fim-moto.com\/en\/news\/news-detail\/article\/tragic-passing-of-jorge-brandao-at-morocco-rally\" target=\"_blank\" rel=\"noopener noreferrer\">site-ul oficial al FIM<\/a>.<\/p>\n<h2>Profilul lui Jorge Brandao<\/h2>\n<p>Jorge Brandao a fost nu doar un pilot talentat, ci \u0219i un antreprenor pasionat de enduro \u0219i rally-raid. \u00cen 2024, a debutat la Raliul Dakar \u00een postura de copilot al spaniolului Carlos Vento, \u00eens\u0103 a fost nevoit s\u0103 se retrag\u0103 \u00een a doua etap\u0103 din cauza unor probleme de s\u0103n\u0103tate ale coechipierului.<\/p>\n<p>Sportivul inten\u021biona s\u0103 concureze pe motociclet\u0103 \u00een edi\u021bia 2026 a Raliului Dakar \u0219i a participat la competi\u021bii importante precum Baja Aragon \u0219i Raliul Portugaliei. Colegii s\u0103i au subliniat c\u0103 Jorge Brandao\u00a0<em>\u201e\u00ee\u0219i tr\u0103ia visul de a concura singur pe motociclet\u0103\u201d<\/em>, pasiune care l-a definit pe parcursul carierei sale.<\/p>\n","protected":false},"excerpt":{"rendered":"<p>Motociclistul portughez Jorge Brandao, \u00een v\u00e2rst\u0103 de 46 de ani, a decedat vineri, 17 octombrie 2025, \u00een urma unui accident grav petrecut \u00een timpul Raliului Marocului, \u00een apropierea kilometrului 214 al traseului. Incidentul a avut loc aproape de finalul etapei, iar pilotul a fost transportat de urgen\u021b\u0103 la spitalul din Erfoud, unde a fost declarat [&hellip;]<\/p>\n","protected":false},"author":1,"featured_media":8778,"comment_status":"closed","ping_status":"closed","sticky":false,"template":"","format":"standard","meta":{"footnotes":""},"categories":[7],"tags":[],"class_list":["post-9425","post","type-post","status-publish","format-standard","has-post-thumbnail","hentry","category-stiri"],"_links":{"self":[{"href":"https:\/\/bumzi.ro\/index.php?rest_route=\/wp\/v2\/posts\/9425","targetHints":{"allow":["GET"]}}],"collection":[{"href":"https:\/\/bumzi.ro\/index.php?rest_route=\/wp\/v2\/posts"}],"about":[{"href":"https:\/\/bumzi.ro\/index.php?rest_route=\/wp\/v2\/types\/post"}],"author":[{"embeddable":true,"href":"https:\/\/bumzi.ro\/index.php?rest_route=\/wp\/v2\/users\/1"}],"replies":[{"embeddable":true,"href":"https:\/\/bumzi.ro\/index.php?rest_route=%2Fwp%2Fv2%2Fcomments&post=9425"}],"version-history":[{"count":1,"href":"https:\/\/bumzi.ro\/index.php?rest_route=\/wp\/v2\/posts\/9425\/revisions"}],"predecessor-version":[{"id":9426,"href":"https:\/\/bumzi.ro\/index.php?rest_route=\/wp\/v2\/posts\/9425\/revisions\/9426"}],"wp:featuredmedia":[{"embeddable":true,"href":"https:\/\/bumzi.ro\/index.php?rest_route=\/wp\/v2\/media\/8778"}],"wp:attachment":[{"href":"https:\/\/bumzi.ro\/index.php?rest_route=%2Fwp%2Fv2%2Fmedia&parent=9425"}],"wp:term":[{"taxonomy":"category","embeddable":true,"href":"https:\/\/bumzi.ro\/index.php?rest_route=%2Fwp%2Fv2%2Fcategories&post=9425"},{"taxonomy":"post_tag","embeddable":true,"href":"https:\/\/bumzi.ro\/index.php?rest_route=%2Fwp%2Fv2%2Ftags&post=9425"}],"curies":[{"name":"wp","href":"https:\/\/api.w.org\/{rel}","templated":true}]}}