{"id":9879,"date":"2025-10-25T04:43:57","date_gmt":"2025-10-25T04:43:57","guid":{"rendered":"https:\/\/bumzi.ro\/?p=9879"},"modified":"2025-10-25T04:43:57","modified_gmt":"2025-10-25T04:43:57","slug":"politician-aur-decedat-in-accidentul-cumplit-din-iasi","status":"publish","type":"post","link":"https:\/\/bumzi.ro\/?p=9879","title":{"rendered":"Politician AUR, DECEDAT \u00een accidentul cumplit din Ia\u0219i"},"content":{"rendered":"<p>Un consilier local AUR din comuna Boroaia \u0219i un prieten de-al s\u0103u sunt cei doi b\u0103rba\u021bi care au murit \u00een teribilul accident produs vineri, 24 octombrie, pe drumul european 85, jude\u021bul Ia\u0219i. Ma\u0219ina \u00een care se aflau a fost izbit\u0103 de un TIR care circula cu vitez\u0103. Nu au avut nicio \u0219ans\u0103 de supravie\u021buire.<\/p>\n<h2 id=\"politician-aur-mort-in-accidentul-cumplit-din-iasi-remorca-unui-tir-i-a-zdrobit-masina-1\">Politician AUR, mort \u00een accidentul cumplit din Ia\u0219i: remorca unui TIR i-a zdrobit ma\u0219ina<\/h2>\n<p>Tragedia s-a produs \u00een jurul orei 15.00, c\u00e2nd ma\u0219ina \u00een care se aflau cei doi suceveni a fost lovit\u0103 de remorca r\u0103sturnat\u0103 a unui TIR. Accidentul a avut loc pe raza comunei Criste\u0219ti, jude\u021bul Ia\u0219i, imediat dup\u0103 localitatea Dr\u0103gu\u0219eni, \u00een timp ce victimele se \u00eentorceau spre cas\u0103.<\/p>\n<p>Imaginile surprinse la locul accidentului sunt cutremur\u0103toare,\u00a0cei doi b\u0103rba\u021bi din comuna Boroaia fiind zdrobi\u021bi pur \u0219i simplu de remorc\u0103. Poli\u021bi\u0219tii au deschis o anchet\u0103 \u0219i\u00a0urmeaz\u0103 s\u0103 stabileasc\u0103 cum s-a produs tragedia.<\/p>\n<h2 id=\"cine-sunt-cei-doi-barbati-morti-in-accidentul-cumplit-de-pe-e85-judetul-iasi-2\">Cine sunt cei doi b\u0103rba\u021bi mor\u021bi \u00een accidentul cumplit de pe E85, jude\u021bul Ia\u0219i<\/h2>\n<p>La volan se afla Vasile U., consilier local AUR, \u00een v\u00e2rst\u0103 de 42 de ani, iar pe scaunul din dreapta era prietenul s\u0103u, Vasile T. \u00een v\u00e2rst\u0103 de 39 de ani. Primarul din Boroaia a declarat c\u0103 cei doi veneau de la un spital, unde prietenul politicianului din AUR urma un tratament pentru cancer, iar prietenul lui l-a ajutat s\u0103 ajung\u0103 p\u00e2n\u0103 acolo, noteaz\u0103\u00a0<a class=\"external_links\" href=\"https:\/\/www.monitorulsv.ro\/un-consilier-local-si-un-prieten-al-acestuia-morti-dupa-ce-au-fost-maturati-de-remorca-unui-tir_89442f\/\" target=\"_blank\" rel=\"noopener noreferrer\">MonitorulSV.ro<\/a>. \u00cen urma tragediei, AUR Suceava a transmis un mesaj emo\u021bionant:<\/p>\n<p><strong><em>\u201eAUR Suceava \u00ee\u0219i exprim\u0103 profundul regret pentru pierderea colegului nostru, Vasile Ungureanu, consilier local \u00een Boroaia, care \u0219i-a pierdut via\u021ba \u00een tragicul accident rutier produs ast\u0103zi la Dr\u0103gu\u0219eni. Am pierdut un om bun, dedicat \u0219i mereu al\u0103turi de comunitatea sa, un coleg implicat \u0219i un prieten adev\u0103rat. Plecarea sa fulger\u0103toare las\u0103 un gol imens \u00een r\u00e2ndurile noastre \u0219i \u00een inimile tuturor celor care l-au cunoscut. Transmitem condolean\u021be familiei \u00eendurerate \u0219i celor apropia\u021bi. Dumnezeu s\u0103-l odihneasc\u0103 \u00een pace \u0219i s\u0103-i ofere lumin\u0103 ve\u0219nic\u0103\u201d<\/em><\/strong>, a transmis filiala AUR Suceava.<\/p>\n","protected":false},"excerpt":{"rendered":"<p>Un consilier local AUR din comuna Boroaia \u0219i un prieten de-al s\u0103u sunt cei doi b\u0103rba\u021bi care au murit \u00een teribilul accident produs vineri, 24 octombrie, pe drumul european 85, jude\u021bul Ia\u0219i. Ma\u0219ina \u00een care se aflau a fost izbit\u0103 de un TIR care circula cu vitez\u0103. Nu au avut nicio \u0219ans\u0103 de supravie\u021buire. Politician [&hellip;]<\/p>\n","protected":false},"author":1,"featured_media":9880,"comment_status":"closed","ping_status":"closed","sticky":false,"template":"","format":"standard","meta":{"footnotes":""},"categories":[7],"tags":[],"class_list":["post-9879","post","type-post","status-publish","format-standard","has-post-thumbnail","hentry","category-stiri"],"_links":{"self":[{"href":"https:\/\/bumzi.ro\/index.php?rest_route=\/wp\/v2\/posts\/9879","targetHints":{"allow":["GET"]}}],"collection":[{"href":"https:\/\/bumzi.ro\/index.php?rest_route=\/wp\/v2\/posts"}],"about":[{"href":"https:\/\/bumzi.ro\/index.php?rest_route=\/wp\/v2\/types\/post"}],"author":[{"embeddable":true,"href":"https:\/\/bumzi.ro\/index.php?rest_route=\/wp\/v2\/users\/1"}],"replies":[{"embeddable":true,"href":"https:\/\/bumzi.ro\/index.php?rest_route=%2Fwp%2Fv2%2Fcomments&post=9879"}],"version-history":[{"count":1,"href":"https:\/\/bumzi.ro\/index.php?rest_route=\/wp\/v2\/posts\/9879\/revisions"}],"predecessor-version":[{"id":9881,"href":"https:\/\/bumzi.ro\/index.php?rest_route=\/wp\/v2\/posts\/9879\/revisions\/9881"}],"wp:featuredmedia":[{"embeddable":true,"href":"https:\/\/bumzi.ro\/index.php?rest_route=\/wp\/v2\/media\/9880"}],"wp:attachment":[{"href":"https:\/\/bumzi.ro\/index.php?rest_route=%2Fwp%2Fv2%2Fmedia&parent=9879"}],"wp:term":[{"taxonomy":"category","embeddable":true,"href":"https:\/\/bumzi.ro\/index.php?rest_route=%2Fwp%2Fv2%2Fcategories&post=9879"},{"taxonomy":"post_tag","embeddable":true,"href":"https:\/\/bumzi.ro\/index.php?rest_route=%2Fwp%2Fv2%2Ftags&post=9879"}],"curies":[{"name":"wp","href":"https:\/\/api.w.org\/{rel}","templated":true}]}}